{"id":36919,"date":"2019-11-03T13:26:41","date_gmt":"2019-11-03T11:26:41","guid":{"rendered":"http:\/\/hotpot.se\/politik\/?p=36919"},"modified":"2020-01-08T17:10:15","modified_gmt":"2020-01-08T15:10:15","slug":"expressen-vill-forlojliga-klimatrealister-misslyckas","status":"publish","type":"post","link":"https:\/\/hotpot.se\/politik\/expressen-vill-forlojliga-klimatrealister-misslyckas\/","title":{"rendered":"Expressen vill f\u00f6rl\u00f6jliga klimatrealister &#8211; Misslyckas!"},"content":{"rendered":"<h3>Expressens klimatredaktion f\u00f6rs\u00f6ker skymfa klimatrealister, men f\u00f6rl\u00f6jligar bara sig sju\u00e4lva<\/h3>\n<p>I Expressen f\u00f6rs\u00f6ker den uppenbart djupt okunnige journalisten Jan Ericson svartm\u00e5la n\u00e5gra av klimatlarmsskeptikerna i Sverige under rubriken <em>&#8221;<strong>De \u00e4r svenskarna som ifr\u00e5gas\u00e4tter klimatkrisen<\/strong><\/em>&#8221;.<\/p>\n<p>&#8221;<em>De \u00e4r svenskarna&#8230;<\/em>&#8221;? Expressen intervjuar i sin video endast tv\u00e5 av alla dessa personer (<a title=\"500 forskare informerar FN att Greta Thunberg har fel om klimatet\" href=\"https:\/\/hotpot.se\/politik\/500-forskare-informerar-fn-att-greta-thunberg-har-fel-om-klimatet#klimatskeptiker\" target=\"_blank\" rel=\"noopener\">h\u00e4r \u00e4r 20 andra exempel p\u00e5 personer l\u00e4mpliga att intervjua<\/a> <a title=\"I Expressens l\u00e5sta (i motsats till artiklarna med klimatalarmisternas \u00e5sikter\/k\u00e4nslor) artikel fick fyra av dessa 20 kort s\u00e4ga sin mening i en fr\u00e5ga som kr\u00e4ver 10 sidor bara f\u00f6r att s\u00e4ga det mest grundl\u00e4ggande, Nils-Axel M\u00f6rner, Elsa Widding, Peter Stilbs, Sture \u00c5str\u00f6m samt \u00e4ven Lennart Bengtsson och Jan Ericson (Moderatpolitiker och riksdagsledamot)r\" href=\"#klimatskeptiker\">*<\/a>), och uttrycker det som att dessa tv\u00e5 \u00e4r de enda som ifr\u00e5gas\u00e4tter den 16-\u00e5riga &#8221;<em>allvetande<\/em>&#8221; Greta Thunbergs p\u00e5st\u00e5ende att det skulle finnas en m\u00e4nniskogenererad &#8221;<em>klimatkris<\/em>&#8221; och att v\u00e4rlden g\u00e5r mot sin underg\u00e5ng om 10 \u00e5r pga den livsviktiga koldioxiden.<\/p>\n<p>N\u00e4r f\u00e5r vi se en artikel i gammelmedia med rubriken &#8221;<strong><em>De \u00e4r svenskarna som tror att m\u00e4nniskans CO2-utsl\u00e4pp st\u00e5r f\u00f6r merparten (eller allt) av en global uppv\u00e4rmning<\/em><\/strong>&#8221;, d\u00e4r inte bara medias favorit, vattenforskaren och klimatalarmisten Johan Rockstr\u00f6m, st\u00e4lls mot v\u00e4ggen utan \u00e4ven resten av den n\u00e4rmast obefintliga andel av forskarna som tror detta?<\/p>\n<p><strong>EXPRESSEN VILLE VISA MUSKLER MOT SANNINGSS\u00c4GARNA<\/strong><br \/>\nExpressen hade ett s\u00e4rskilt syfte med sitt extremt vinklade reportage; Att trycka ner sina intervjuoffer och skr\u00e4mma folk fr\u00e5n att tycka annorlunda \u00e4n media, men \u00e4ven att st\u00e4rka sig sj\u00e4lva &amp; andra verklighetsf\u00f6rnekare.<\/p>\n<p>Media f\u00f6rst\u00e5r inte att n\u00e4r de i sin starkt onyanserade rapportering och p\u00e5 sitt skamliga s\u00e4tt verkar f\u00f6r ett totalit\u00e4rt samh\u00e4lle &#8211; d\u00e4r det inte kommer att finnas n\u00e5gon vinnare &#8211; s\u00e5 kommer det f\u00f6rr eller senare att drabba \u00e4ven media.<\/p>\n<p><strong>Expressen<\/strong> (inte &#8221;<em>Jan Ericson<\/em>&#8221;, som det st\u00e5r under rubriken till artikeln), skriver:<\/p>\n<blockquote><p><span style=\"color: #0000ff;\">97 procent av v\u00e4rldens forskare \u00e4r \u00f6verens \u2013 den globala uppv\u00e4rmningen \u00e4r en konsekvens av m\u00e4nsklig p\u00e5verkan.<\/span><br \/>\nV\u00e5ra kolkraftverk, flygresor, tunga industrier och den \u00f6kade konsumtionen leder till f\u00f6r\u00e4ndringar i klimatet.<br \/>\nMen det finns de som anser att allt \u00e4r en konspiration.<br \/>\n\u2013 V\u00e4rlden har aldrig varit s\u00e5 bra som den \u00e4r i dag, f\u00f6r det \u00e4r l\u00e4ttare n\u00e4r det \u00e4r varmt \u00e4n n\u00e4r det \u00e4r kallt, s\u00e4ger n\u00e4ringslivsprofilen Per-Olof Eriksson.<br \/>\nExpressen <span style=\"color: #0000ff;\">kan nu ber\u00e4tta om<\/span> de svenska skeptikerna inom klimatfr\u00e5gan \u2013 <span style=\"color: #0000ff;\">m\u00e4nniskorna<\/span> som tvivlar p\u00e5 att klimatkrisen existerar.<\/p><\/blockquote>\n<p><strong>EXPRESSEN VISAR P\u00c5 EN SKR\u00c4MMANDE OKUNSKAP OM KLIMAT<br \/>\nSom framg\u00e5tt av <a title=\"Konsensus bland forskarna att m\u00e4nniskan orsakar klimatf\u00f6r\u00e4ndringar? - ENDAST 0,3% AV FORSKARNA TROR ATT M\u00c4NNISKAN BIDRAR MED MER \u00c4N 50% TILL EN UPPV\u00c4RMNING (2019-10-31)\" href=\"https:\/\/hotpot.se\/politik\/konsensus-bland-forskarna-att-manniskan-orsakar-klimatforandringar\/\" target=\"_blank\" rel=\"noopener\"><strong>konsensus-utredningen<\/strong><\/a> s\u00e5 \u00e4r det otvetydigt en ren och sk\u00e4r l\u00f6gn att 97% av v\u00e4rldens forskare \u00e4r eniga i att den globala uppv\u00e4rmningen sedan den lilla istiden enbart beror p\u00e5 m\u00e4nniskan. Ingen seri\u00f6s forskare h\u00e4vdar detta.<\/strong><\/p>\n<p><strong>Det \u00e4r inte ens vad John Cook kommit fram till. \u00c4r det vanligt att journalister inte \u00e4r l\u00e4skunniga?<\/strong><\/p>\n<p><strong>TOTAL TYSTNAD &#8211; TOTALIT\u00c4RA TIDNINGAR<\/strong><br \/>\nDen som st\u00e4ller fr\u00e5gan till Expressens klimatredaktion om var de f\u00e5tt 97%-p\u00e5st\u00e5endet fr\u00e5n bem\u00f6ts med total tystnad. F\u00f6r s\u00e5 arbetar man i totalit\u00e4ra medier som anser sig st\u00e5 \u00f6ver s\u00e5v\u00e4l folket som sanningen.<\/p>\n<p><strong>VAD BEROR KLIMATF\u00d6R\u00c4NDRINGAR P\u00c5?<\/strong><br \/>\nSedan skriver Expressen att &#8221;<em>kolkraftverk, flygresor, tunga industrier och den \u00f6kade konsumtionen <strong>leder till f\u00f6r\u00e4ndringar i klimatet<\/strong><\/em>&#8221;. Varf\u00f6r? Vilka? Var finns st\u00f6d i forskningen f\u00f6r detta p\u00e5st\u00e5ende?<\/p>\n<p><strong>JOURNALISTER M\u00c5NAR BARA OM SINA JOBB<\/strong><br \/>\nVad g\u00e4ller Expressens &#8211; och alla andra mediers klimatredaktioner &#8211; \u00e4r det viktigt f\u00f6r dessa journalister att till varje pris h\u00e5lla &#8221;<em>katastrofl\u00e4get<\/em>&#8221; vid liv. Utan detta riskerar de ju bli av med sina jobb.<\/p>\n<p><strong>DEN STORA KLIMATBLUFFEN<\/strong><br \/>\nTraditionella medier har investerat alltf\u00f6r mycket i Den Stora Klimatbluffen f\u00f6r att l\u00e5ta alternativa medier avsl\u00f6ja denna bluff. Mainstream media har ju trots allt lyckats <strong>v\u00e4nda ett katastrofl\u00e4ge fr\u00e5n global nedkylning ena dagen till en global uppv\u00e4rmning n\u00e4sta dag<\/strong> utan att folket reagerat s\u00e4rskilt mycket.<\/p>\n<p><strong>CO2 det enda som avg\u00f6r klimatet?<\/strong><br \/>\nMan har hittat ett \u00e4mne (CO2) som man kan skylla allt p\u00e5 utan att ens beh\u00f6va f\u00f6rklara hur i hela friden m\u00e4nniskans bidrag med <strong>0,0016 % CO2<\/strong> till atmosf\u00e4ren skulle kunna ha den p\u00e5st\u00e5dda uppv\u00e4rmningseffekten i ett klimat som \u00e4r avh\u00e4ngigt v\u00e4ldigt m\u00e5nga olika faktorer och deras samverkan med varandra under olika specifika omst\u00e4ndigheter (temperatur, solstr\u00e5lning\/magnetisk str\u00e5lning, solfl\u00e4ckar, jordens rotation runt solen och r\u00f6relse runt sin axel, havsstr\u00f6mmar, moln, nederb\u00f6rd, fuktighet, topografi, atmosf\u00e4rens tryck, etc, etc, i ett enormt komplicerat v\u00e4xelspel).<\/p>\n<p>\u00c4ven om man inte f\u00f6rst\u00e5r naturens lagar s\u00e5 borde orimligheten i detta <strong>f\u00e5 varje logiskt t\u00e4nkande m\u00e4nniska att haja till<\/strong>.<\/p>\n<p><strong>Oseri\u00f6sa politiska forskare utnyttjas av media<\/strong><br \/>\nMedia vet ocks\u00e5 att det finns gott om oseri\u00f6sa forskare d\u00e4r ute som st\u00f6djer dem fr\u00e5n v\u00e4nsterflanken.<\/p>\n<p><strong>Media or\u00e4dd f\u00f6r att ljuga<\/strong><br \/>\nSom man kan se nedan drar sig d\u00e4rf\u00f6r media inte f\u00f6r att kraftigt vinkla sanningen och t o m flagrant ljuga. Media t\u00e4nker att <strong>klimatet \u00e4r s\u00e5 komplicerat att ingen \u00e4nd\u00e5 f\u00f6rst\u00e5r att de ljuger<\/strong> (t o m klimatforskarna sj\u00e4lva s\u00e4ger att forskarna tillsammans bara f\u00f6rst\u00e5r ca 10% av klimatet).<\/p>\n<p><strong>INDOKTRINERING VIA MEDIA<\/strong><br \/>\nMedias klimatredaktioner verkar best\u00e5 av det absoluta bottenskrapet av journalister. De har mer mer eller mindre <strong>hoppat \u00f6ver stegen att presentera fakta (med k\u00e4llh\u00e4nvisning) och att l\u00e5ta de som \u00e4r kunniga p\u00e5 omr\u00e5det s\u00e4ga sin mening<\/strong>. Ofta intervjuas inte ens det f\u00e5tal utbildade som h\u00e5ller med journalisterna.<\/p>\n<p><strong>Journalisterna har tagit \u00f6ver rollen som experter<\/strong><br \/>\n<strong>Klimatjournalisterna<\/strong> &#8211; dvs de som under m\u00e5nader intensivt lobbade f\u00f6r att f\u00e5 Greta Thunberg som frontfigur f\u00f6r den obskyra klimatr\u00f6relsen &#8211; har <strong>utn\u00e4mnt sig sj\u00e4lva till &#8221;<em>klimatexperter<\/em>&#8221;<\/strong> och \u00e4r bara intresserade av att prata i <strong>apokalyptiska termer<\/strong>.<\/p>\n<p><strong>KLIMATKONSPIRATION?<\/strong><br \/>\nExpressen skriver sedan &#8221;<em>Men det finns de som anser att <strong>allt \u00e4r en konspiration<\/strong>.<\/em>&#8221;. &#8221;<em>Allt<\/em>&#8221;, vem har h\u00e4vdat detta? Man kan kalla klimatbluffen f\u00f6r vad man vill, men &#8221;<em>konspiration<\/em>&#8221; representerar p\u00e5 ett utm\u00e4rkt s\u00e4tt de p\u00e5st\u00e5enden som vissa forskare g\u00f6r avseende till hur stor del m\u00e4nniskan p\u00e5verkar klimatet.<br \/>\n<img class=\"aligncenter\" title=\"FN f\u00f6rutsp\u00e5r 1989 en katastrof om inget g\u00f6rs \u00e5t den globala uppv\u00e4rmningen innan \u00e5r 2000\" src=\"https:\/\/hotpot.se\/politik\/wp-content\/uploads\/2019\/11\/fn-global-uppvarmning-katastrof_1989.jpg\" alt=\"F\u00f6renta Nationerna f\u00f6rutsp\u00e5r 1989 en katastrof om inget g\u00f6rs \u00e5t den globala uppv\u00e4rmningen innan \u00e5r 2000\" \/><br \/>\n<strong>EXPRESSEN F\u00d6RVRIDER VAD LARS BERN SAGT<\/strong><br \/>\nTill bilden av Lars Bern l\u00e4gger Expressen f\u00f6ljande bildtext:<br \/>\n\u2022 &#8221;<span style=\"color: #0000ff;\"><em>Lars Bern s\u00e4ger att det <strong>inte<\/strong> finns observationer som st\u00f6der IPCC<\/em><\/span>&#8221;.<br \/>\nMen det \u00e4r inte alls vad den ytterst kompetente Lars Bern (civilingenj\u00f6r, teknologie doktor, f\u00f6rfattare och samh\u00e4llsdebatt\u00f6r) h\u00e4vdat. Lars Bern sa ist\u00e4llet, under sin 2-minuters intervju med <strong>Expressens klimatreporter\/klimatalarmist Matilda Nyberg<\/strong>, att det inte finns observationer som st\u00f6djer IPCC i de delar IPCC har fel, t ex att det skulle resultera i katastrofala konsekvenser f\u00f6r planeten om det blir 1,5 grader varmare. Och det \u00e4r helt korrekt. Vem som helst kan f\u00f6rs\u00f6ka bevisa t ex IPCC:s p\u00e5st\u00e5enden om m\u00e4nniskans inverkan p\u00e5 klimatet, men till dags dato har <strong>ingen<\/strong> lyckats med detta.<br \/>\n<img class=\"aligncenter\" title=\"FN varnar 1972: Vi har tio \u00e5r p\u00e5 oss att hejda katastrofen\" src=\"https:\/\/hotpot.se\/politik\/wp-content\/uploads\/2019\/11\/fn-10-ar_1972.jpg\" alt=\"F\u00f6renta Nationerna varnar 1972: Vi har tio \u00e5r p\u00e5 oss att hejda katastrofen\" \/><strong><br \/>\nEXPRESSEN ANLITAR AKTIVIST F\u00d6R ATT BEM\u00d6TA LARS BERN<\/strong><br \/>\nF\u00f6r att &#8221;<em>bevisa<\/em>&#8221; att Lars Bern har fel plockar Expressen fram verklighetsf\u00f6rnekaren Mikael Karlsson. Expressen uppger att han \u00e4r docent i milj\u00f6vetenskap vid KTH i Stockholm. Vad Expressen inte uppger \u00e4r att Mikael Karlssons arbetsomr\u00e5de \u00e4r &#8221;<strong><em>filosofi<\/em><\/strong>&#8221;, enligt KTH, samt att Mikael Karlsson ben\u00e4mner de som har en avvikande \u00e5sikt till honom som &#8221;<em>klimatf\u00f6rnekare<\/em>&#8221;. <strong>Vem har f\u00f6rnekat klimatet?<\/strong><br \/>\nExpressen utel\u00e4mnar ocks\u00e5 informationen om att den av Expressen utvalde, Mikael Karlsson, ska ge sig ut p\u00e5 en tv\u00e5 \u00e5r l\u00e5ng turn\u00e9 &#8221;<em>f\u00f6r vetenskap och milj\u00f6<\/em>&#8221;, finansierad med drygt 1,2 miljoner kr. <strong>Mikael Karlsson vill inte ge sig in i n\u00e5gon debatt utan avser bara att, p\u00e5 sin propagandaturn\u00e9, predika sin tro&#8230; f\u00f6r redan troende<\/strong>:<\/p>\n<p><strong>MIKAEL KARLSSON \u00c4R RECEPTIONIST<\/strong><br \/>\nExpressen: &#8221;<em><span style=\"color: #0000ff;\">Han tillbakavisar Lars Berns p\u00e5st\u00e5ende om att inte tro p\u00e5 IPCC<\/span><\/em>&#8221;.<br \/>\nDet var bevisligen inte vad Lars Bern sa.<\/p>\n<p>Mikael Karlsson: &#8221;<em><span style=\"color: #339966;\"><strong>Det \u00e4r ungef\u00e4r som om jag bryter armen och kommer till ett sjukhus d\u00e4r det finns tio utbildade l\u00e4kare som sjukhuset har anst\u00e4llt, varf\u00f6r skulle jag fr\u00e5ga n\u00e5gon i entr\u00e9n om de kunde gipsa mig?<\/strong> Jag skulle aldrig g\u00f6ra en s\u00e5dan sak i n\u00e5gon annan del av samh\u00e4llet. H\u00e4r \u00e4r viktigt d\u00e5 att f\u00f6ra fram en <strong>vetenskapsbaserad v\u00e4rldsbild<\/strong>.<\/span><\/em>&#8221;.<br \/>\nEn j\u00e4mf\u00f6relse som haltar inte s\u00e5 lite. Alla med minsta sunt f\u00f6rnuft kan omedelbart hitta minst ett par av de m\u00e5nga bristerna i denna irrationella j\u00e4mf\u00f6relse. Mikael Karlsson \u00e4r receptionisten i den historien.<\/p>\n<p><strong>KAN VI P\u00c5VERKA DET NATURLIGA KLIMATET?<\/strong><br \/>\nExpressen: &#8221;<em><span style=\"color: #0000ff;\">N\u00e5gra av de h\u00e4r mest framst\u00e5ende <strong>klimatf\u00f6rnekarna<\/strong> menar d\u00e5 att klimatf\u00f6r\u00e4ndringar, det \u00e4r inte en \u00f6desfr\u00e5ga f\u00f6r m\u00e4nniskan. Vad t\u00e4nker du om det?<\/span><\/em>&#8221;.<br \/>\nTv\u00e4rtom menar <strong>klimatrealisterna<\/strong> att det naturliga klimatet \u00e4r en \u00f6desfr\u00e5ga, men inte n\u00e5got som l\u00f6ses p\u00e5 n\u00e5got s\u00e4tt genom att st\u00e4nga ner landet eller genom att beskatta folket till fattigdom, och inte i n\u00e4rtid.<br \/>\nAtt Expressen anammat v\u00e4nsterextremisternas hatretorik visar hur <strong>r\u00e4dda mainstream media \u00e4r f\u00f6r att sanningen ska komma fram<\/strong>.<br \/>\nOrdet &#8221;<em>klimatf\u00f6rnekare<\/em>&#8221; \u00e4r en variant p\u00e5 ordet &#8221;<em>nazist<\/em>&#8221; f\u00f6r alla meningsmotst\u00e5ndare, som ocks\u00e5 k\u00f6ptes direkt av v\u00e4nstermedia samt okunniga politiker som Stefan L\u00f6fven. Det togs fram av v\u00e4nsterextremisterna, s\u00e5 som de alltid g\u00f6r n\u00e4r de saknar argument. De vill koppla ihop de personer som konstaterar att det inte finns n\u00e5got vetenskapligt st\u00f6d f\u00f6r att CO2 orsakar en temperaturh\u00f6jning med de som f\u00f6rnekar f\u00f6rintelsen. Naturligtvis s\u00e5 f\u00f6rnekar ingen klimatet.<strong> De verkliga f\u00f6rnekarna \u00e4r de klimatalarmister som f\u00f6rnekar naturliga klimatf\u00f6r\u00e4ndringar &amp; vetenskapen.<\/strong><\/p>\n<p><strong>INGA FAKTA, SOM VANLIGT<\/strong><br \/>\nMikael Karlsson: &#8221;<em><span style=\"color: #339966;\">Jag t\u00e4nker nog framf\u00f6rallt mest <strong>p\u00e5 de m\u00e4nniskor i v\u00e4rlden som har det allra s\u00e4mst, som lever i djup fattigdom<\/strong>. De bor i torra omr\u00e5den. D\u00e4r blir det, <strong>enligt forskningen, \u00f6verlag mycket torrare<\/strong> och <strong>mycket sv\u00e5rare att odla mat i framtiden<\/strong>. F\u00f6r dem \u00e4r det h\u00e4r en \u00f6desfr\u00e5ga. Det \u00e4r det <strong>l\u00e4tt att sitta i Stockholm och l\u00e4sa p\u00e5 olika bloggar och tro att man vet b\u00e4ttre \u00e4n den samlade vetenskapen<\/strong>. Jag tycker det \u00e4r <strong>moraliskt f\u00f6rkastligt<\/strong>.<\/span><\/em>&#8221;<br \/>\nDet \u00e4r s\u00e5 mycket fel i det svaret att det \u00e4r om\u00f6jligt att bem\u00f6ta allt, men kort;<br \/>\n1. Typiskt v\u00e4nsterextremister att utg\u00e5 fr\u00e5n k\u00e4nslor ist\u00e4llet f\u00f6r fakta.<br \/>\n2. Det blir definitivt sv\u00e5rare f\u00f6r de som lever i fattigdom om den livsavg\u00f6rande koldioxiden begr\u00e4nsas eftersom det begr\u00e4nsar deras m\u00f6jlighet att odla mat.<br \/>\n3. Det \u00e4r l\u00e4tt att intervjuas av likat\u00e4nkande och tro att man vet b\u00e4ttre \u00e4n vad fakta och vetenskap fastst\u00e4ller.<br \/>\n4. En del kanske tycker att empatil\u00f6sa godhetsapostlar som Mikael Karlsson \u00e4r moraliskt f\u00f6rkastliga?<br \/>\n<img class=\"aligncenter\" title=\"Procent av v\u00e4rlden med torka \u00e5ren 1982-2014. I takt med att koldioxiden \u00f6kat (och den globala medeltemperaturen stigit n\u00e5got) s\u00e5 har torkan p\u00e5 planeten minskat.\" src=\"https:\/\/hotpot.se\/politik\/wp-content\/uploads\/2019\/11\/torka_v\u00e4rlden_procent.jpg\" alt=\"Procent av v\u00e4rlden med torka \u00e5ren 1982-2014. I takt med att koldioxiden \u00f6kat har torkan p\u00e5 planeten minskat.\" \/><br \/>\n<strong>KOLDIOXIDEN \u00c4R EN F\u00d6RUTS\u00c4TTNING F\u00d6R LIV<\/strong><br \/>\nTill bilden av Per-Olof Eriksson l\u00e4gger Expressen f\u00f6ljande bildtext:<br \/>\n\u2022 &#8221;<span style=\"color: #0000ff;\"><em>N\u00e4ringslivsprofilen Per-Olof Eriksson i villan i Bromma. Han har sagt att <strong>koldioxid \u00e4r livets gas<\/strong><\/em><\/span>\u201d.<br \/>\nDet \u00e4r exakt vad koldioxiden \u00e4r, livets gas. Utan denna CO2 hade varken m\u00e4nniskor eller djur existerat. Blir CO2-halten f\u00f6r l\u00e5g (ca 180 PPM) kan allt liv p\u00e5 jorden utpl\u00e5nas. <strong>Ingen kunnig person p\u00e5 omr\u00e5det h\u00e4vdar n\u00e5got annat.<br \/>\n<\/strong>V\u00e4xterna beh\u00f6ver CO2 f\u00f6r att v\u00e4xa, och vi beh\u00f6ver det syre som skapas i fotosyntesen tack vare koldioxiden.<br \/>\n<img title=\"Mellan 1982 och 2011 (29 \u00e5r) blev 20,5% av v\u00e4rldens omr\u00e5de med vegetation gr\u00f6nare medan endast 3% blev brunare. Tack vare koldioxiden och ett b\u00e4ttre klimat\" src=\"https:\/\/hotpot.se\/politik\/wp-content\/uploads\/2019\/11\/gronare_varld.jpg\" alt=\"Mellan 1982 och 2011 (29 \u00e5r) blev 20,5% av v\u00e4rldens omr\u00e5de med vegetation gr\u00f6nare medan endast 3% blev brunare. Tack vare koldioxiden\" \/><\/p>\n<p>Expressen: &#8221;<span style=\"color: #0000ff;\"><em>Per-Olof Eriksson s\u00e4ger att det \u00e4r synd att en framtidsoro brett ut sig p\u00e5 grund av <strong>klimatf\u00f6r\u00e4ndringarna<\/strong>.<\/em><\/span>&#8221;<br \/>\nDvs pga klimathysterin och de <strong>naturliga<\/strong> klimatf\u00f6r\u00e4ndringarna, som media f\u00f6rs\u00f6kt karakt\u00e4risera som en katastrof sedan framf\u00f6r allt 1961 och d\u00e4r 100% av forskarnas sp\u00e5domar slagit fel. Rej\u00e4lt fel.<\/p>\n<p>Fysiker Per-Olof Eriksson: &#8221;<span style=\"color: #993366;\"><em>Min erfarenhet, och jag har l\u00e4st mycket om detta, \u00e4r att vi har gott om tid att anpassa oss till det som blir. Det jag tycker \u00e4r allvarligt, framf\u00f6r allt i Sverige, \u00e4r att det har blivit en slags <strong>censur<\/strong>. Vi som inte tycker som IPCC f\u00e5r inte m\u00f6jlighet att varken debattera med dem som tycker annorlunda eller n\u00e5 ut med v\u00e5rt budskap. <strong>Om du l\u00e4ser tidningar idag \u00e4r det till 99 procent s\u00e5dant som st\u00f6djer IPCC.<\/strong><\/em><\/span>&#8221;<\/p>\n<p><strong>VARF\u00d6R SKA MAN BLINT LITA P\u00c5 FN:s KLIMATPANEL, IPCC?<\/strong><br \/>\nExpressen: &#8221;<span style=\"color: #0000ff;\"><em>Kan inte det bero p\u00e5 att <strong>man kan lita p\u00e5 IPCC?<\/strong><\/em><\/span>&#8221;.<br \/>\n\u00c5terigen typisk ologisk v\u00e4nsterretorik. Det handlar inte bara om vad IPCC s\u00e4ger utan \u00e4ven om medias &#8211; och de okunniga klimataktivisterna som fritt f\u00e5r s\u00e4ga sin mening i media &#8211; vilda tolkningar av vad IPCC s\u00e4ger. <strong>Kan man lita p\u00e5 IPCC bara f\u00f6r att media stoppar dem som har sakliga argument f\u00f6r bristerna i IPCC:s, medias och klimataktivisternas tolkningar?<\/strong><\/p>\n<p>Fysiker Per-Olof Eriksson: &#8221;<em><span style=\"color: #993366;\">Nej, det kan man inte g\u00f6ra.<\/span><\/em>&#8221;<br \/>\n<strong>Varf\u00f6r ska det finnas en organisation som inte kan eller f\u00e5r ifr\u00e5gas\u00e4ttas p\u00e5 n\u00e5got s\u00e4tt? Har Sverige blivit en kommunistdiktatur?<br \/>\n<\/strong><\/p>\n<p><strong>EXPRESSEN HITTAR INGEN MED KOMPETENS INOM KLIMAT SOM KAN STYRKA EXPRESSENS \u00c5SIKTER<\/strong><br \/>\nExpressen: &#8221;<span style=\"color: #0000ff;\"><em>Men att IPCC skulle ha <strong>politiska kopplingar<\/strong>, det st\u00e4mmer inte, enligt <strong>flera forskare<\/strong> <span style=\"color: #000000;\">[dvs en enda forskare; en professor i matematisk statistik och \u00f6ppet stor beundrare av Greta Thunberg]<\/span> som Expressen pratat med. <strong>Bland annat<\/strong> professor Olle H\u00e4ggstr\u00f6m. Han \u00e4r forskare p\u00e5 institutet f\u00f6r framtidsstudier vid Chalmers och tidigare skribent p\u00e5 klimatvetenskapsbloggen Uppsalainitiativet. <strong>Han har l\u00e4nge varit engagerad i fr\u00e5gan<\/strong> och tycker att <strong>klimatf\u00f6rnekandet<\/strong> till viss del har \u00e4ndrat form de senaste \u00e5ren.<\/em><\/span>&#8221;<br \/>\nN\u00e4r media s\u00e4ger att de pratat med &#8221;<em>flera<\/em>&#8221; eller &#8221;<em>m\u00e5nga<\/em>&#8221;, men bara kan lyfta fram en finns det anledning att ana ugglor i mossen, alldeles s\u00e4rskilt n\u00e4r denna person r\u00e5kar vara av samma \u00e5sikt som journalisten.<br \/>\nPraktiskt att fr\u00e5ga de som h\u00e5ller varandra om ryggen och som har en personlig vinning i att ha en viss \u00e5sikt, d\u00e5 garanteras man det svar man vill ha.<br \/>\n<strong>Jag har, som naturvetare, ocks\u00e5 &#8221;<em>l\u00e4nge varit engagerad i fr\u00e5gan<\/em>&#8221;. Varf\u00f6r fr\u00e5gade inte Expressen mig om min \u00e5sikt?<\/strong><br \/>\nT o m <strong>personer inom IPCC vittnar om de politiska kopplingarna<\/strong>.<br \/>\nExpressens journalister \u00e4r inte bara verklighetsf\u00f6rnekare utan \u00e4ven v\u00e4nsterextremister, att d\u00f6ma av deras metoder och okunskap.<\/p>\n<p><strong>OROANDE MED DEBATT?<\/strong><br \/>\nOlle H\u00e4ggstr\u00f6m: &#8221;<span style=\"color: #008000;\"><em>Samtidigt som riktiga &#8217;hardcore-f\u00f6rnekare&#8217; syns lite mindre<\/em><\/span> [aldrig funnits] <span style=\"color: #008000;\"><em>s\u00e5 har <strong>en opinion brett ut sig som jag tycker \u00e4r lite mer oroande nu \u00e4n f\u00f6r tio \u00e5r sedan.<\/strong><\/em><\/span>&#8221;<br \/>\n<strong>Vad \u00e4r oroande med att det finns en debatt&#8230; med mindre \u00e4n att man \u00e4r orolig f\u00f6r att det ska avsl\u00f6jas att verklighetsf\u00f6rnekare som Olle H\u00e4ggstr\u00f6m har fel?<br \/>\nN\u00e4r det kommer till klimatf\u00f6r\u00e4ndringar handlar det (som i s\u00e5 m\u00e5nga andra fr\u00e5gor) inte om att vinna debatten, utan om att stoppa debatten!<\/strong><br \/>\nDet \u00e4r lustigt att Expressen h\u00e4vdar &#8221;<em>Men att IPCC skulle ha politiska kopplingar, det st\u00e4mmer inte, enligt flera forskare<\/em>&#8221; men de hittar ingen som s\u00e4ger att Expressens p\u00e5st\u00e5ende skulle st\u00e4mma, inte ens H\u00e4ggstr\u00f6m.<\/p>\n<p><strong>EXPRESSEN &amp; MATEMATIKPROFESSOR UPPLEVER KLIMATREALISTER SOM ETT PROBLEM<\/strong><br \/>\nExpressen &#8221;<span style=\"color: #0000ff;\"><em>Finns det n\u00e5got du tycker man b\u00f6r g\u00f6ra f\u00f6r att liksom <strong>komma till bukt med det problemet<\/strong> som \u00e4nd\u00e5 finns h\u00e4r, delvis?<\/em><\/span>&#8221;<br \/>\nTypiskt Sveriges v\u00e4nsterextrema media d\u00e4r yttrandefrihetsmotst\u00e5ndarna ser det som <strong>ett &#8221;<em>problem<\/em>&#8221; att mer \u00e4n en sida kan f\u00f6ra fram sina \u00e5sikter<\/strong>.<\/p>\n<p><strong>MATEMATIKPROFESSORNS L\u00d6SNING: MER INDOKTRINERING<\/strong><br \/>\nOlle H\u00e4ggstr\u00f6m: &#8221;<span style=\"color: #008000;\"><em>Vi f\u00e5r envist jobba p\u00e5 med att <strong>f\u00f6rsvara vetenskapen<\/strong> och <strong>folkbilda<\/strong> i de h\u00e4r fr\u00e5gorna. Jag vet faktiskt inget annat s\u00e4tt.<\/em><\/span>&#8221;<br \/>\n\u00c4nnu mer typisk okunnig v\u00e4nsterretorik. <strong>Debatt och \u00f6ppenhet \u00e4r aldrig ett alternativ. Det handlar bara om indoktrinering och ett fascistiskt tankes\u00e4tt.<\/strong><\/p>\n<h3>Emma Bo\u00ebthius, Expressen, om Expressen<\/h3>\n<p><strong>FAKE NEWS<\/strong><br \/>\nExpressens chef f\u00f6r klimatredaktionen, Emma Bo\u00ebthius, skriver;<br \/>\n\u2022 &#8221;<em>Det finns en betydande grupp svenskar som f\u00f6rnekar larmen fr\u00e5n forskarv\u00e4rlden.<\/em>&#8221;<\/p>\n<p>Kommentar:<br \/>\nNej, men det finns en betydande grupp som f\u00f6rnekar riktigheten i de p\u00e5st\u00e5enden som<strong> en f\u00f6rsvinnande liten andel aktivister\/forskare g\u00f6r och som sedan omvandlas till &#8221;<em>klimatlarm<\/em>&#8221; av media.<\/strong><br \/>\nDet finns ocks\u00e5 en betydande grupp som f\u00f6rnekar de &#8221;<strong>klimatlarm<\/strong>&#8221;, liksom \u00f6vriga falska p\u00e5st\u00e5enden, som media kommer med <strong>utan ens st\u00f6d av n\u00e5gon av sina allierade forskare<\/strong>.<\/p>\n<p><strong>FAKE NEWS<\/strong><br \/>\nExpressens chef f\u00f6r klimatredaktionen, Emma Bo\u00ebthius, skriver;<br \/>\n\u2022 &#8221;<em>Expressen vill skildra b\u00e5da sidor.<\/em>&#8221;<br \/>\n\u2022 &#8221;<em>Vi \u00e4r m\u00e5na om att visa upp flera perspektiv, f\u00f6r att ge dig som l\u00e4sare en s\u00e5 bred bild som m\u00f6jligt. Klimatfr\u00e5gan \u00e4r inget undantag.<\/em>&#8221;<\/p>\n<p>Kommentar:<br \/>\nExpressen har aldrig varit det minsta intresserad av att visa upp b\u00e5da sidor i fr\u00e5gor som r\u00f6r klimatet. S\u00e4rskilt inte sedan Expressen skapade sin &#8221;<em>klimatredaktion<\/em>&#8221; best\u00e5ende av fem journalister som inte har den minsta kompetens inom omr\u00e5det.<br \/>\nExpressens ointresse av att &#8221;<em>visa upp flera perspektiv<\/em>&#8221; tydligg\u00f6rs n\u00e4r Expressen <strong>f\u00f6r f\u00f6rsta g\u00e5ngen l\u00e5ter n\u00e5gra av de riktiga experterna f\u00e5 s\u00e4ga ett par meningar<\/strong>. D\u00e5 vinklar Expressen varje mening till sin egen f\u00f6rdel, d\u00e4r Expressen ljuger om vad de intervjuade sagt och l\u00e5ter okunniga aktivister h\u00e5na de kunniga personerna utan att de ges m\u00f6jlighet att bem\u00f6ta detta.<\/p>\n<p><strong>Expressen hoppas kunna s\u00e4tta sista spiken i kistan f\u00f6r sina meningsmotst\u00e5ndare genom att i ingressen till sin artikel ljuga l\u00e4sarna rakt upp i ansiktet med en uppenbar l\u00f6gn om vad 97 procent av forskarna tror.<\/strong><\/p>\n<p>N\u00e4r de agendas\u00e4ttande journalisterna upplever sig s\u00e5 <strong>maktfullkomliga<\/strong> att de t o m kan ljuga \u00f6ppet om n\u00e5got som inte bara alla med bara en gnutta sunt f\u00f6rnuft och logiskt t\u00e4nkande kan r\u00e4kna ut \u00e4r falskt, utan \u00e4ven n\u00e5got som enkelt kan bekr\u00e4ftas som en l\u00f6gn bara genom en snabb s\u00f6kning i s\u00f6kmotorerna, s\u00e5 finns det starka sk\u00e4l f\u00f6r alla och envar att dra \u00f6ronen \u00e5t sig och fundera \u00f6ver hur trov\u00e4rdiga gammelmedia kan anses vara.<\/p>\n<p><strong>FAKE NEWS<\/strong><br \/>\nExpressens chef f\u00f6r klimatredaktionen, Emma Bo\u00ebthius, skriver;<br \/>\n\u2022 &#8221;<em>V\u00e5r <strong>ambition<\/strong> \u00e4r att f\u00f6rklara, g\u00e5 p\u00e5 djupet och ge dig som l\u00e4sare ett sammanhang.<\/em>&#8221;<br \/>\n\u2022 &#8221;<em>V\u00e5r journalistik bygger inte p\u00e5 aktivism, utan p\u00e5 en <strong>drivkraft<\/strong> att belysa klimatfr\u00e5gan. Ur alla aspekter \u2013 och utifr\u00e5n allas perspektiv.<\/em>&#8221;<\/p>\n<p>Kommentar:<br \/>\nExpressens ambition \u00e4r att h\u00e5lla sig tajt med klimatalarmisterna\/aktivisterna, f\u00f6rmedla deras budskap, f\u00f6rvanska vad som s\u00e4gs och inte ge experterna m\u00f6jlighet att bem\u00f6ta Expressens alla falska p\u00e5st\u00e5enden.<br \/>\nExpressens journalistik <strong>\u00e4r<\/strong> aktivism.<br \/>\n<strong>Expressens &#8221;<em>klimatredaktion<\/em>&#8221; har en drivkraft att belysa klimatfr\u00e5gan ur endast en aspekt, utifr\u00e5n journalisternas perspektiv och i journalisternas personliga intresse.<\/strong><\/p>\n<p><strong>FAKE NEWS<\/strong><br \/>\nExpressens chef f\u00f6r klimatredaktionen, Emma Bo\u00ebthius, skriver;<br \/>\n&#8221;<em>N\u00e4r vi rapporterar om <strong>br\u00e4nderna i Amazonas<\/strong> skriver Expressens klimatredaktion \u00e4ven om de falska bilderna, och om sanningen bakom uttrycket &#8217;jordens lungor&#8217;.<\/em> &#8221;<\/p>\n<p>Kommentar:<br \/>\n<strong>Br\u00e4nderna i Amazonas har inte orsakats av klimatet.<\/strong> Varf\u00f6r granskar Expressens klimatredaktion br\u00e4nderna i Amazonas, som bevisligen inte orsakats det minsta av klimatet och som alltid f\u00f6rekommit (och nu minskat)?<br \/>\nVi vet alla att tr\u00e4den \u00e4r &#8221;<em>jordens lungor<\/em>&#8221;, varf\u00f6r granska en sanning vi alla vet \u00e4r en sanning?<\/p>\n<p><strong>FAKE NEWS<\/strong><br \/>\nExpressens chef f\u00f6r klimatredaktionen, Emma Bo\u00ebthius, skriver;<br \/>\n&#8221;<em>N\u00e4r skatten p\u00e5 plastp\u00e5sar h\u00f6js granskar vi <strong>nyttan<\/strong> med det.<\/em>&#8221;<\/p>\n<p>Kommentar:<br \/>\nSom om att det skulle finnas n\u00e5gon nytta \u00f6verhuvudtaget med Milj\u00f6partiets <strong>plastskatt<\/strong> (som st\u00f6ds av S och C), d\u00e4r alla begriper att det<strong> inte har det minsta med vare sig klimat eller ens milj\u00f6 att g\u00f6ra<\/strong>.<\/p>\n<p><strong>FAKE NEWS<\/strong><br \/>\nExpressens chef f\u00f6r klimatredaktionen, Emma Bo\u00ebthius, skriver;<br \/>\n\u2022 &#8221;<em>Expressens klimatredaktion best\u00e5r av <strong>fem journalister<\/strong>.<\/em>&#8221;<\/p>\n<p>Kommentar:<br \/>\nJa, fem journalister (varav tre verkar vara anonyma) som f\u00f6r sitt jobb \u00e4r starkt beroende av att kunna h\u00e5lla brasan brinnande, med klimatlarmen. Dvs s\u00e5 som media i praktiken arbetat sedan 1961, med sina extremt vinklade rapporteringar.<\/p>\n<h3>Ej mottagliga f\u00f6r fakta<\/h3>\n<p>Personer som Mikael Karlsson och Olle H\u00e4ggstr\u00f6m, samt Expressens Matilda Nyberg och Emma Bo\u00ebthius, befinner sig i sin ekokammare och \u00e4r inte mottagliga f\u00f6r fakta. Dessa hycklare f\u00f6rkastar, <strong>p\u00e5 ideologisk grund<\/strong>, de energik\u00e4llor som st\u00e5r f\u00f6r minst 80% (i praktiken 98%) av energibehovet, och deras enda svar p\u00e5 vad som ska ers\u00e4tta dessa \u00e4r att vi m\u00e5ste konsumera mindre&#8230; dvs inte alls. Dessutom v\u00e4l medvetna om att majoriteten av v\u00e4rldens l\u00e4nder inte har den minsta avsikt att avveckla fossila br\u00e4nslen oavsett hur m\u00e5nga FN-avtal som skrivs under.<\/p>\n<p>Det existerar heller inget land som har n\u00e5gon realistisk plan f\u00f6r hur man skulle kunna avveckla alla fossila br\u00e4nslen till 2045 (Sverige) eller 2050 (England). Det kommer inte att ske med mindre \u00e4n att en stor meteorit sl\u00e5r ner som utpl\u00e5nar livet p\u00e5 jorden likt f\u00f6r 65 miljoner \u00e5r sedan.<\/p>\n<p><a name=\"klimatskeptiker\"><\/a><img title=\"Expressens dramatiska l\u00f6psedel: K\u00e4nd f\u00f6retagsledare bland svenska motst\u00e5ndare till klimatkrisen. Klimatskeptiker Sverige: Lars Bern, Per-Olof Eriksson, Nils-Axel M\u00f6rner, Elsa Widding, Peter Stilbs, Sture \u00c5str\u00f6m samt Lennart Bengtsson och Jan Ericson\" src=\"https:\/\/hotpot.se\/politik\/wp-content\/uploads\/2019\/11\/klimatskeptiker_sverige.jpg\" alt=\"Klimatskeptiker Sverige: Lars Bern, Per-Olof Eriksson, Nils-Axel M\u00f6rner, Elsa Widding, Peter Stilbs, Sture \u00c5str\u00f6m samt Lennart Bengtsson och Jan Ericson (Moderatpolitiker och riksdagsledamot)\" \/><br \/>\nP\u00e5 Expressens dramatiska l\u00f6psedel skriver de &#8221;<strong><em>K\u00e4nd f\u00f6retagsledare bland svenska motst\u00e5ndarna till klimatkrisen<\/em><\/strong>&#8221;. D\u00e4r Expressen vill h\u00e4nga ut nio personer som om att;<br \/>\n\u2022 det skulle finnas 9 svenska medborgare som tycker annorlunda \u00e4n 10 miljoner andra (trots att bara en liten minoritet tycker som Expressen),<br \/>\n\u2022 det skulle vara n\u00e5got speciellt med att en f\u00f6retagsledare fanns bland dessa nio personer,<br \/>\n\u2022 dessa 9 personer var &#8221;<em>motst\u00e5ndare<\/em>&#8221; till n\u00e5got som \u00e4r givet och som inte kan eller f\u00e5r ifr\u00e5gas\u00e4ttas; en &#8221;<em>klimatkris<\/em>&#8221;.<\/p>\n<p>K\u00e4lla: <a href=\"https:\/\/www.expressen.se\/premium\/nyheter\/de-ar-svenskarna-som-ifragasatter-klimatkrisen\/\" target=\"_blank\" rel=\"noopener\">Expressen, l\u00e5st artikel<\/a> och <a href=\"https:\/\/www.expressen.se\/nyheter\/klimat\/emma-boethius-1\/nu-later-vi-aven-skeptikerna-komma-till-tals-i-klimatfragan\/\" target=\"_blank\" rel=\"noopener\">Expressen, video<\/a><\/p>\n<hr width=\"100\" \/>\n<p><strong>M\u00c4NSKLIGA R\u00c4TTIGHETER, ALLT UTOM YTTRANDEFRIHET<\/strong><br \/>\nYttrandefriheten i v\u00e4st har minskat drastiskt under de senaste 10 \u00e5ren. Steg f\u00f6r steg, s\u00e5 att det inte ska bli alltf\u00f6r tydligt. Bara det faktum att man m\u00e5ste ha s\u00e4rskilda &#8221;free speech&#8221; forum p\u00e5 universiteten i USA, under stark polisbevakning, f\u00f6r varje talare som inte har v\u00e4nster\u00e5sikter \u00e4r ett tydligt tecken p\u00e5 hur illa st\u00e4llt det \u00e4r med yttrandefriheten i v\u00e4st. F\u00f6r de med v\u00e4nster\u00e5sikter \u00e4r det inte f\u00f6renat med n\u00e5gra kostnader att s\u00e4ga sin mening, medan \u00f6vriga m\u00e5ste skramla ihop runt 50 000 dollar f\u00f6rst. Vi har backat tillbaka till systemet i gamla kommunistdiktaturer.<\/p>\n<blockquote><p>Har du t\u00e4nkt p\u00e5 att den enda m\u00e4nskliga r\u00e4ttighet som UNHCR &#8211; och andra skattefinansierade organisationer som utger sig f\u00f6r att verka f\u00f6r m\u00e4nskliga r\u00e4ttigheter &#8211; aldrig n\u00e5gonsin visat n\u00e5got intresse f\u00f6r \u00e4r yttrandefriheten i v\u00e4stl\u00e4nder. \u00c5 andra sidan l\u00e4gger de n\u00e4stan alla sina resurser p\u00e5 m\u00e4nskliga r\u00e4ttigheter som inte finns. Som \u00e4r p\u00e5hittade. T ex att vem som helst har r\u00e4tten att best\u00e4mma vilket k\u00f6n man vill tillh\u00f6ra och hur man ska adresseras.<\/p><\/blockquote>\n<p>En annan fr\u00e5ga som ligger i topp i prioritetslistan f\u00f6r &#8221;<em>m\u00e4nniskor\u00e4ttsorganisationerna<\/em>&#8221; \u00e4r muslimers oeftergivliga r\u00e4ttighet att komma till v\u00e4st, fr\u00e5n sina alltid konfliktfyllda l\u00e4nder (pga av deras seder, kultur och religion), f\u00f6r att f\u00f6rs\u00f6rjas (ofta under en livstid, liksom deras m\u00e5nga barn) utan det minsta krav p\u00e5 motprestation.<br \/>\nEller muslimers r\u00e4ttighet att p\u00e5tvinga v\u00e4stl\u00e4nderna deras starkt avvikande kultur (t ex genom b\u00f6neutrop eller regelbundna pauser f\u00f6r b\u00f6n i arbetet 3 g\u00e5nger om dagen, etc, etc) och att f\u00f6rtrycka kvinnor p\u00e5 en rad olika s\u00e4tt.<br \/>\nEller muslimers r\u00e4ttighet att f\u00f6rbereda eller beg\u00e5 terrorbrott i v\u00e4st utan risk f\u00f6r att skickas tillbaka, om de bara h\u00e4vdar att de kommer att straffas f\u00f6r sina brott i hemlandet.<\/p>\n<p>Finns det n\u00e5gon som missat att &#8221;<em>m\u00e4nniskor\u00e4ttsorganisationerna<\/em>&#8221; inte kunde vara mindre intresserade av m\u00e4nskliga r\u00e4ttigheter? Dessa subversiva personer har endast ett enda m\u00e5l och det \u00e4r att s\u00e5 split samt polarisera och v\u00e4nda upp och ner p\u00e5 samh\u00e4llet i hopp om att v\u00e4nsterextremisterna p\u00e5 detta s\u00e4tt ska komma till makten (de f\u00f6rst\u00e5r inte att resultatet blir det omv\u00e4nda).<br \/>\n<iframe loading=\"lazy\" src=\"https:\/\/www.youtube.com\/embed\/GndE0LQ7qxo?start=42\" width=\"560\" height=\"315\" frameborder=\"0\" allowfullscreen=\"allowfullscreen\"><\/iframe><br \/>\n<span style=\"color: #808080;\">The Mark Steyn Show Free Speech Forum<\/span><\/p>\n<p><strong>OM R\u00c5DANDE KLIMATPROPAGANDA<\/strong><br \/>\nMark Steyn (med underbar humor) kommenterar bl a Michael Manns st\u00e4mning f\u00f6r att Mark Steyn kritiserat Michael Manns uppenbart falska &#8221;hockey stick&#8221;-graf \u00f6ver temperaturutvecklingen (som nu bevisats vara falsk i domstol) och den m\u00e4nskliga r\u00e4ttigheten att uttrycka sig fritt i ett demokratiskt samh\u00e4lle.<br \/>\nMark Steyn kritiserar klimatalarmismen och pratar om hur de som dristar sig till att utmana klimatalarmisterna i en saklig debatt h\u00e4cklas och h\u00e5nas, med st\u00f6d av media, ist\u00e4llet f\u00f6r att \u00e5sikter bem\u00f6ts sakligt och vetenskapligt. Steyn pratar \u00e4ven om &#8221;<em>debattklimatet<\/em>&#8221; i Sverige och om klimatexperten Lennart Bengtsson, som kritiserat IPCC f\u00f6r dess os\u00e4kra prognoser. Samt om att man i Sverige fick st\u00e4lla in &#8221;Earth hour&#8221; eftersom det var alltf\u00f6r os\u00e4kert att sl\u00e4cka ljus pga att Sverige tagit in s\u00e5 m\u00e5nga &#8221;<em>flyktingar<\/em>&#8221;:<br \/>\n<iframe loading=\"lazy\" src=\"https:\/\/www.youtube.com\/embed\/L7wQp0Ir5Vc\" width=\"560\" height=\"315\" frameborder=\"0\" allowfullscreen=\"allowfullscreen\"><\/iframe><\/p>\n<p>Se \u00e4ven bl a;<br \/>\n<a title=\"Den stora klimatbluffen \u2013 Expressens klimatkampanj (2019-11-06)\" href=\"https:\/\/hotpot.se\/politik\/den-stora-klimatbluffen-expressens-klimatkampanj\/\" target=\"_blank\" rel=\"noopener\"><strong>Den stora klimatbluffen \u2013 Expressens klimatkampanj<\/strong><\/a><\/p>\n<p><a title=\"V\u00e4rldshistoriens st\u00f6rsta bl\u00e5sning \u2013 11000 forskare om klimatkrisen \u2013 SCAM, HOAX (2019-11-07)\" href=\"https:\/\/hotpot.se\/politik\/har-avslojas-tv4-nyheternas-klimatpropaganda\/\" target=\"_blank\" rel=\"noopener\"><strong>V\u00e4rldshistoriens st\u00f6rsta bl\u00e5sning \u2013 11000 forskare om klimatkrisen \u2013 SCAM<\/strong><\/a><\/p>\n<p><a title=\"Medier i Sverige som l\u00e4t sig luras av de '11 000 forskarna' och 'klimatn\u00f6dl\u00e4ge' (2019-11-09)\" href=\"https:\/\/hotpot.se\/politik\/medier-i-sverige-som-lat-sig-luras-av-de-11-000-forskarna-och-klimatkris\/\" target=\"_blank\" rel=\"noopener\"><strong>Medier i Sverige som l\u00e4t sig luras av de \u201d11 000 forskarna\u201d och klimatkris<\/strong><\/a><\/p>\n<p><a title=\"Media vidh\u00e5ller att de 5 skribenterna i Alliance of World Scientists har r\u00e4tt (2019-11-10)\" href=\"https:\/\/hotpot.se\/politik\/media-vidhaller-att-de-5-skribenterna-i-alliance-of-world-scientists-har-ratt\/\" target=\"_blank\" rel=\"noopener\"><strong>Media vidh\u00e5ller att de 5 skribenterna i Alliance of World Scientists har r\u00e4tt<\/strong><\/a> (TV4, Aftonbladet, SvD, etc)<\/p>\n<p><a title=\"Alliance of World Scientists f\u00f6rfalskar vad p\u00e5st\u00e5dda 11 000 forskare skrivit under (2019-11-11)\" href=\"https:\/\/hotpot.se\/politik\/alliance-of-world-scientists-forfalskar-vad-pastadda-11-000-forskare-skrivit-under\/\" target=\"_blank\" rel=\"noopener\"><strong>Alliance of World Scientists f\u00f6rfalskar vad p\u00e5st\u00e5dda 11 000 forskare skrivit under<\/strong><\/a><\/p>\n<p><a title=\"H\u00e4r avsl\u00f6jas TV4-nyheternas klimatpropaganda (2019-10-26)\" href=\"https:\/\/hotpot.se\/politik\/har-avslojas-tv4-nyheternas-klimatpropaganda\/\" target=\"_blank\" rel=\"noopener\"><strong>H\u00e4r avsl\u00f6jas TV4-nyheternas klimatpropaganda<\/strong><\/a> (en artikel sp\u00e4ckad med fakta om klimatet i respons p\u00e5 TV4:s propaganda)<\/p>\n<p><a title=\"Koldioxidens inverkan p\u00e5 klimatet \u2013 sista spiken i kistan (2019-11-20)\" href=\"https:\/\/hotpot.se\/politik\/koldioxidens-inverkan-pa-klimatet-sista-spiken-i-kistan\/\" target=\"_blank\" rel=\"noopener\"><strong>Koldioxidens inverkan p\u00e5 klimatet \u2013 sista spiken i kistan<\/strong><\/a><\/p>\n<p><a title=\"Klimatmodeller som politiska propagandaverktyg (2019-10-29)\" href=\"https:\/\/hotpot.se\/politik\/klimatmodeller-som-politiska-propagandaverktyg\/\" target=\"_blank\" rel=\"noopener\"><strong>Klimatmodeller som politiska propagandaverktyg<\/strong><\/a><\/p>\n<p><a title=\"Konsensus bland forskarna att m\u00e4nniskan orsakar klimatf\u00f6r\u00e4ndringar? (2019-10-31)\" href=\"https:\/\/hotpot.se\/politik\/konsensus-bland-forskarna-att-manniskan-orsakar-klimatforandringar\/\" target=\"_blank\" rel=\"noopener\"><strong>Konsensus bland forskarna att m\u00e4nniskan orsakar klimatf\u00f6r\u00e4ndringar?<\/strong><\/a><\/p>\n<hr width=\"100\" \/>\n<p><a name=\"forskare\"><\/a><br \/>\n<a title=\"500 forskare informerar FN att Greta Thunberg har fel om klimatet (2019-09-29)\" href=\"https:\/\/hotpot.se\/politik\/500-forskare-informerar-fn-att-greta-thunberg-har-fel-om-klimatet\/\" target=\"_blank\" rel=\"noopener\"><strong>500 (nu 709) forskare informerar FN att Greta Thunberg har fel om klimatet<\/strong><\/a><\/p>\n<p><a title=\"31 487 vetenskapsm\u00e4n dementerar global uppv\u00e4rmning (2019-10-15)\" href=\"https:\/\/hotpot.se\/politik\/31-487-vetenskapsman-dementerar-global-uppvarmning\/\" target=\"_blank\" rel=\"noopener\"><strong>31 487 vetenskapsm\u00e4n dementerar global uppv\u00e4rmning orsakad av m\u00e4nniskan<\/strong><\/a><\/p>\n<p><a title=\"171 'forskare' kr\u00e4ver att Sverige ska vara ledande i klimathysterin (2019-10-10)\" href=\"https:\/\/hotpot.se\/politik\/171-forskare-kraver-att-sverige-ska-vara-ledande-i-klimathysterin\/\" target=\"_blank\" rel=\"noopener\"><strong>171 \u201dforskare\u201d kr\u00e4ver att Sverige ska vara ledande i klimathysterin<\/strong><\/a><\/p>\n<p><a title=\"190 forskare uppmanar till civil olydnad enligt Extinction Rebellion \u2013 Lista med namn (2019-10-16)\" href=\"https:\/\/hotpot.se\/politik\/190-forskare-uppmanar-till-civil-olydnad-enligt-extinction-rebellion-lista-med-namn\/\" target=\"_blank\" rel=\"noopener\"><strong>190 (eller 1 000?) forskare uppmanar till civil olydnad enligt Extinction Rebellion \u2013 Lista med namn<\/strong><\/a><\/p>\n<p><a title=\"Extinction Rebellion: 21 000 forskare h\u00e4vdar att jorden g\u00e5r under pga klimatet (2019-10-16)\" href=\"https:\/\/hotpot.se\/politik\/extinction-rebellion-21-000-forskare-havdar-att-jorden-gar-under-pga-klimatet\/\" target=\"_blank\" rel=\"noopener\"><strong>Extinction Rebellion: 21 000 forskare h\u00e4vdar att jorden g\u00e5r under pga klimatet<\/strong><\/a><\/p>\n<hr width=\"100\" \/>\n<p><a title=\"FN anlitar \u00e5ter barnarbetare; Greta, Brittany och Severn Suzuki (2019-09-23)\" href=\"https:\/\/hotpot.se\/politik\/fn-anlitar-ater-barnarbetare-greta-brittany-och-severn-suzuki\/\" target=\"_blank\" rel=\"noopener\"><strong>FN anlitar \u00e5ter barnarbetare; Greta, Brittany och Severn Suzuki<\/strong><\/a><\/p>\n<p><a title=\"Greta Thunberg \u2013 Silkesvantar av (2019-10-05)\" href=\"https:\/\/hotpot.se\/politik\/greta-thunberg-silkesvantar-av\/\" target=\"_blank\" rel=\"noopener\"><strong>Greta Thunberg \u2013 Silkesvantar av<\/strong><\/a><\/p>\n<p><a title=\"Analys av Greta Thunbergs fatalistiska tal \u2013 Jordens underg\u00e5ng 2030? (2019-10-04)\" href=\"https:\/\/hotpot.se\/politik\/analys-av-greta-thunbergs-fatalistiska-tal-jordens-undergang-2030\/\" target=\"_blank\" rel=\"noopener\"><strong>Analys av Greta Thunbergs fatalistiska tal \u2013 Jordens underg\u00e5ng 2030?<\/strong><\/a><\/p>\n<p><a title=\"Klimatsp\u00e5domar innan Greta Thunberg om jordens underg\u00e5ng (2019-10-12)\" href=\"https:\/\/hotpot.se\/politik\/klimatspadomar-innan-greta-thunberg-om-jordens-undergang\/\" target=\"_blank\" rel=\"noopener\"><strong>Klimatsp\u00e5domar innan Greta Thunberg om jordens underg\u00e5ng<\/strong><\/a><\/p>\n<p><a title=\"Greta Thunberg m\u00f6ter motst\u00e5nd i Kanada \u2013 Avsl\u00f6jande om Gretas Tesla (2019-10-20)\" href=\"https:\/\/hotpot.se\/politik\/greta-thunberg-moter-motstand-i-kanada-avslojande-om-gretas-tesla\/\" target=\"_blank\" rel=\"noopener\"><strong>Greta Thunberg m\u00f6ter motst\u00e5nd i Kanada \u2013 Avsl\u00f6jande om Gretas Tesla<\/strong><\/a><\/p>\n<p><a title=\"Greta\/klimataktivister kan inte skilja mellan klimat, v\u00e4der och milj\u00f6 (2019-10-05)\" href=\"https:\/\/hotpot.se\/politik\/greta-klimataktivister-kan-inte-skilja-mellan-klimat-vader-och-miljo\/\" target=\"_blank\" rel=\"noopener\"><strong>Greta\/klimataktivister kan inte skilja mellan klimat, v\u00e4der och milj\u00f6<\/strong><\/a><\/p>\n<p><a title=\"Greta Thunbergs klimatstrejkande v\u00e4nner har n\u00e5got gemensamt (2019-10-02)\" href=\"https:\/\/hotpot.se\/politik\/greta-thunbergs-klimatstrejkande-vanner-har-nagot-gemensamt\/\" target=\"_blank\" rel=\"noopener\"><strong>Greta Thunbergs klimatstrejkande v\u00e4nner har n\u00e5got gemensamt<\/strong><\/a><\/p>\n<p><a title=\"Greta Thunbergs anh\u00e4ngare Extinction Rebellion vill skapa kaos (2019-10-14)\" href=\"https:\/\/hotpot.se\/politik\/greta-thunbergs-anhangare-extinction-rebellion-vill-skapa-kaos\/\" target=\"_blank\" rel=\"noopener\"><strong>Greta Thunbergs anh\u00e4ngare Extinction Rebellion vill skapa kaos<\/strong><\/a><\/p>\n<p><a title=\"Extinction Rebellion \u2013 En subversiv religi\u00f6s klimatsekt (2019-10-15)\" href=\"https:\/\/hotpot.se\/politik\/extinction-rebellion-en-subversiv-religios-klimatsekt\/\" target=\"_blank\" rel=\"noopener\"><strong>Extinction Rebellion \u2013 En subversiv religi\u00f6s klimatsekt<\/strong><\/a><\/p>\n<p><a title=\"Anarkisterna i Extinction Rebellion st\u00f6rs ut (2019-10-18)\" href=\"https:\/\/hotpot.se\/politik\/anarkisterna-i-extinction-rebellion-stors-ut\/\" target=\"_blank\" rel=\"noopener\">Anarkisterna i Extinction Rebellion st\u00f6rs ut \ud83d\ude42<\/a><\/p>\n<p><a title=\"Motst\u00e5ndet mot klimatextremisterna i Extinction Rebellion v\u00e4xer (2019-10-19)\" href=\"https:\/\/hotpot.se\/politik\/motstandet-mot-klimatextremisterna-i-extinction-rebellion-vaxer\/\" target=\"_blank\" rel=\"noopener\">Motst\u00e5ndet mot klimatextremisterna i Extinction Rebellion v\u00e4xer<\/a><\/p>\n<p><a title=\"En starstruck Schwarzenegger h\u00f6g n\u00e4r han pratar om Greta Thunberg (2019-10-09)\" href=\"https:\/\/hotpot.se\/politik\/en-starstruck-schwarzenegger-hog-nar-han-pratar-om-greta-thunberg\/\" target=\"_blank\" rel=\"noopener\"><strong>En starstruck Schwarzenegger h\u00f6g n\u00e4r han pratar om Greta Thunberg<\/strong><\/a><\/p>\n<p><a title=\"Alternativa nobelpriset g\u00e5r till\u2026 Greta Thunberg (2019-09-29)\" href=\"https:\/\/hotpot.se\/politik\/alternativa-nobelpriset-gar-till-greta-thunberg\/\" target=\"_blank\" rel=\"noopener\"><strong>Alternativa nobelpriset g\u00e5r till\u2026 Greta Thunberg<\/strong><\/a><\/p>\n<p><a title=\"Vad \u00e4r st\u00f6dnumret till klimataktivisternas hj\u00e4lplinje? (2019-09-30)\" href=\"https:\/\/hotpot.se\/politik\/vad-ar-stodnumret-till-klimataktivisternas-hjalplinje\/\" target=\"_blank\" rel=\"noopener\">Vad \u00e4r st\u00f6dnumret till klimataktivisternas hj\u00e4lplinje?<\/a><\/p>\n<p><a title=\"Greta Thunberg s\u00e4ger att hennes strategi \u00e4r att skuldbel\u00e4gga andra (2019-10-21)\" href=\"https:\/\/hotpot.se\/politik\/greta-thunberg-sager-att-hennes-strategi-ar-att-skuldbelagga-andra\/\" target=\"_blank\" rel=\"noopener\"><strong>Greta Thunberg s\u00e4ger att hennes strategi \u00e4r att skuldbel\u00e4gga andra<\/strong><\/a><\/p>\n<p><a title=\"UNICEF och media uts\u00e4tter Greta Thunberg f\u00f6r barnmisshandel (2019-09-28)\" href=\"https:\/\/hotpot.se\/politik\/unicef-och-media-utsatter-greta-thunberg-for-barnmisshandel\/\" target=\"_blank\" rel=\"noopener\"><strong>UNICEF och media uts\u00e4tter Greta Thunberg f\u00f6r barnmisshandel<\/strong><\/a><\/p>\n<hr width=\"100\" \/>\n<p><a title=\"Har Milj\u00f6partiet, Greta och Public Service r\u00e4tt fokus? (2019-09-10)\" href=\"https:\/\/hotpot.se\/politik\/har-miljopartiet-greta-och-public-service-ratt-fokus\/\" target=\"_blank\" rel=\"noopener\"><strong>Har Milj\u00f6partiet, Greta och Public Service r\u00e4tt fokus?<\/strong><\/a><\/p>\n<p><a title=\"Milj\u00f6partiets plastskatt f\u00f6r dem som inte sl\u00e4pper ut plast i haven (2019-09-20)\" href=\"https:\/\/hotpot.se\/politik\/miljopartiets-plastskatt-for-dem-som-inte-slapper-ut-plast-i-haven\/\" target=\"_blank\" rel=\"noopener\">Milj\u00f6partiets plastskatt f\u00f6r dem som inte sl\u00e4pper ut plast i haven<\/a><\/p>\n<p><a title=\"Fatemeh Khavari s\u00f6ker desperat efter publicitet (2018-08-23)\" href=\"https:\/\/hotpot.se\/politik\/fatemeh-khavari-soker-desperat-efter-publicitet\/\" target=\"_blank\" rel=\"noopener\">Fatemeh Khavari s\u00f6ker desperat efter publicitet<\/a><\/p>\n<hr \/>\n<p>F\u00f6r sidor om media, asylpolitik och integration se <a style=\"color: #008000;\" title=\"Medias makt, asylpolitik, migration och integration. Klicka h\u00e4r f\u00f6r att lista alla sidor om Sveriges invandringspolitik och medias monopol\" href=\"https:\/\/hotpot.se\/politik\/hotpot_politik_titlar_migration.htm\" target=\"_blank\" rel=\"noopener noreferrer\">inneh\u00e5llsregistret<\/a>.<br \/>\n<a href=\"https:\/\/hotpot.se\/politik\/Alternativa_sajter.htm\" target=\"_blank\" rel=\"noopener\">Lista \u00f6ver alternativa k\u00e4llor<\/a><\/p>\n<style>.fb_iframe_widget span{width:460px !important;} .fb_iframe_widget iframe {margin: 0 !important;}        .fb_edge_comment_widget { display: none !important; }<\/style><div style=\"width:100%; text-align:left\"><div class=\"fb-like\" style=\"width:65px; overflow: hidden !important; \" data-href=\"https:\/\/hotpot.se\/politik\/expressen-vill-forlojliga-klimatrealister-misslyckas\/\" data-size=\"small\" data-colorscheme=\"dark\" data-width=\"65\" data-layout=\"box_count\" data-action=\"like\" data-show-faces=\"true\" data-share=\"true\" kid_directed_site=\"false\"><\/div><\/div>\n","protected":false},"excerpt":{"rendered":"<p>Expressens klimatredaktion f\u00f6rs\u00f6ker skymfa klimatrealister, men f\u00f6rl\u00f6jligar bara sig sju\u00e4lva I Expressen f\u00f6rs\u00f6ker den uppenbart djupt okunnige journalisten Jan Ericson svartm\u00e5la n\u00e5gra av klimatlarmsskeptikerna i Sverige under rubriken &#8221;De \u00e4r svenskarna som ifr\u00e5gas\u00e4tter klimatkrisen&#8221;. &#8221;De \u00e4r svenskarna&#8230;&#8221;? Expressen intervjuar i sin video endast tv\u00e5 av alla dessa personer (h\u00e4r \u00e4r 20 andra exempel p\u00e5 personer &hellip; <a href=\"https:\/\/hotpot.se\/politik\/expressen-vill-forlojliga-klimatrealister-misslyckas\/\" class=\"more-link\">Forts\u00e4tt l\u00e4sa <span class=\"screen-reader-text\">Expressen vill f\u00f6rl\u00f6jliga klimatrealister &#8211; Misslyckas!<\/span><\/a><\/p>\n","protected":false},"author":2,"featured_media":0,"comment_status":"open","ping_status":"open","sticky":false,"template":"","format":"standard","meta":[],"categories":[172,11],"tags":[832,1363,1470,1582,1584,1599,13,1581,1598,1292],"_links":{"self":[{"href":"https:\/\/hotpot.se\/politik\/wp-json\/wp\/v2\/posts\/36919"}],"collection":[{"href":"https:\/\/hotpot.se\/politik\/wp-json\/wp\/v2\/posts"}],"about":[{"href":"https:\/\/hotpot.se\/politik\/wp-json\/wp\/v2\/types\/post"}],"author":[{"embeddable":true,"href":"https:\/\/hotpot.se\/politik\/wp-json\/wp\/v2\/users\/2"}],"replies":[{"embeddable":true,"href":"https:\/\/hotpot.se\/politik\/wp-json\/wp\/v2\/comments?post=36919"}],"version-history":[{"count":2,"href":"https:\/\/hotpot.se\/politik\/wp-json\/wp\/v2\/posts\/36919\/revisions"}],"predecessor-version":[{"id":37507,"href":"https:\/\/hotpot.se\/politik\/wp-json\/wp\/v2\/posts\/36919\/revisions\/37507"}],"wp:attachment":[{"href":"https:\/\/hotpot.se\/politik\/wp-json\/wp\/v2\/media?parent=36919"}],"wp:term":[{"taxonomy":"category","embeddable":true,"href":"https:\/\/hotpot.se\/politik\/wp-json\/wp\/v2\/categories?post=36919"},{"taxonomy":"post_tag","embeddable":true,"href":"https:\/\/hotpot.se\/politik\/wp-json\/wp\/v2\/tags?post=36919"}],"curies":[{"name":"wp","href":"https:\/\/api.w.org\/{rel}","templated":true}]}}