{"id":35291,"date":"2019-09-23T22:33:13","date_gmt":"2019-09-23T20:33:13","guid":{"rendered":"http:\/\/hotpot.se\/politik\/?p=35291"},"modified":"2021-10-22T00:32:54","modified_gmt":"2021-10-21T22:32:54","slug":"fn-anlitar-ater-barnarbetare-greta-brittany-och-severn-suzuki","status":"publish","type":"post","link":"https:\/\/hotpot.se\/politik\/fn-anlitar-ater-barnarbetare-greta-brittany-och-severn-suzuki\/","title":{"rendered":"FN anlitar \u00e5ter barnarbetare; Greta, Brittany och Severn Suzuki"},"content":{"rendered":"<p>Det framg\u00e5r tydligt f\u00f6r alla och envar att klimataktivisten <strong>Greta Thunbergs alarmistiska, teatraliska, \u00f6verdramatiska, fatalistiska och populistiska tal i FN<\/strong> (klimatm\u00f6tet &#8221;<em>Climate Action Summit<\/em>&#8221;) inf\u00f6r en mycket liten skara v\u00e4rldsledare (varav ingen syntes i bild, f\u00f6rutom Donald Trump) <strong>var v\u00e4lregisserat av den hemliga organisation som st\u00e5r bakom henne och som skriver hennes manuskript<\/strong>.<\/p>\n<p>Vi f\u00e5r nu rubriker som &#8221;<em>H\u00e4r bryter Greta Thunberg ihop i FN<\/em>&#8221;. Men Greta bryter inte alls ihop! Alla kan se p\u00e5 hennes starkt \u00f6verdrivet f\u00f6rvridna ansiktsuttryck att hon g\u00f6r sitt b\u00e4sta f\u00f6r att dramatisera de ord hon fr\u00e4ser och krystar fram. Man f\u00e5r lite en k\u00e4nsla av Gollum.<\/p>\n<p>Den 16-\u00e5riga Greta Thunberg g\u00e5r fr\u00e5n en blyg, gullig liten 10-\u00e5ring till en fanatisk, hatisk och l\u00e5tsasgr\u00e5tande person p\u00e5 mindre \u00e4n en sekund, och varje g\u00e5ng hon tittar ner i sitt manuskript \u00e5terg\u00e5r hon tillf\u00e4lligt till den blyga 10-\u00e5ringen:<br \/>\n<img class=\"aligncenter\" src=\"https:\/\/hotpot.se\/politik\/wp-content\/uploads\/2019\/09\/greta_thunberg_3.jpg\" alt=\"Greta Thunberg med klimat\u00e5ngest\" \/>&#8221;<a title=\"How dare you! [erlNite Remix]\" href=\"https:\/\/youtu.be\/yJ9zzB7mWBU\" target=\"_blank\" rel=\"noopener\"><em>How dare you?<\/em><\/a>&#8221;<br \/>\n<a href=\"https:\/\/www.facebook.com\/expressenstory\/videos\/2342443146019177\/\" target=\"_blank\" rel=\"noopener\"><img class=\"aligncenter\" src=\"https:\/\/hotpot.se\/politik\/wp-content\/uploads\/2019\/09\/greta_thunberg_fn_klimat_1.jpg\" alt=\"Greta Thunbergs tal p\u00e5 FN:s milj\u00f6konferens\" \/><\/a>Greta m\u00e5 ha m\u00e5nga kvaliteter, men n\u00e5gon sk\u00e5despelartalang har hon inte. Hemmapappan Svante Thunberg, fd sk\u00e5despelare, verkar inte ha lyckats l\u00e4ra henne tekniken s\u00e4rskilt v\u00e4l. Ej heller hennes mamma &#8211; Malena Ernman, den operasjungande klimatboksf\u00f6rfattaren &#8211; har instruerat dottern r\u00e4tt h\u00e4r.<br \/>\n<a href=\"https:\/\/www.facebook.com\/expressenstory\/videos\/2342443146019177\/\" target=\"_blank\" rel=\"noopener\"><img class=\"aligncenter\" src=\"https:\/\/hotpot.se\/politik\/wp-content\/uploads\/2019\/09\/greta_thunberg_fn_klimat_2.jpg\" alt=\"Greta Thunbergs tal p\u00e5 FN:s milj\u00f6konferens\" \/><\/a><br \/>\nGreta har anv\u00e4nt sig av samma teknik tidigare, n\u00e4r hon p\u00e5 &#8221;Brexit Summits 2019&#8221; med <a href=\"https:\/\/youtu.be\/DuhI0rVbX8g\" target=\"_blank\" rel=\"noopener\">fejkade t\u00e5rar<\/a> (d\u00e4r hon v\u00e4xlat fr\u00e5n en glad tjej till en hysterisk gr\u00e5tande person p\u00e5 en sekund) h\u00f6ll de <strong>politiska tal<\/strong> som skrivits \u00e5t henne av ok\u00e4nda personer (d\u00e4r det ofta slinker in helt andra politiska fr\u00e5gor \u00e4n klimatet). \u00c4ven om inga t\u00e5rar syntes den g\u00e5ngen heller (och inte p\u00e5 World Economic Forum) s\u00e5 upplevdes hon mer \u00e4rlig k\u00e4nslom\u00e4ssigt och sedan m\u00e5ste man beakta att \u00e5ngest och r\u00e4dsla \u00e4r en del av Aspergers syndrom (d\u00e4r Gretas narcissistiska f\u00f6r\u00e4ldrar verkar g\u00f6ra sitt b\u00e4sta f\u00f6r att f\u00f6rst\u00e4rka dessa k\u00e4nslor).<\/p>\n<p>M\u00e5nga f\u00f6rundras nu \u00f6ver att Greta f\u00e5r s\u00e5 m\u00e5nga <strong>tummen ner p\u00e5 Youtube<\/strong>. Borde inte fr\u00e5gan ist\u00e4llet vara varf\u00f6r det inte \u00e4r \u00e4nnu fler som klickar p\u00e5 tummen ner?<\/p>\n<p>Not. Inget som st\u00e5r h\u00e4r \u00e4r kritik mot Greta. Om detta n\u00e5gonstans inte framg\u00e5r tydligt s\u00e5 \u00e4r det \u00e4nd\u00e5 vad som g\u00e4ller! Kritiken avser uteslutande hennes f\u00f6r\u00e4ldrar och hennes \u00f6vriga omgivning. Greta \u00e4r en fantastisk och go\u00b4tjej som bara vill v\u00e4l!<\/p>\n<p><strong>\u00c5NGESTSKAPANDE DOMEDAGSPROFETIOR<\/strong><br \/>\nGreta och den organisation som f\u00f6rsett Greta med apokalyptiska narrativ riskerar att<strong> skapa en mycket oh\u00e4lsosam \u00e5ngest bland m\u00e5nga barn och k\u00e4nsliga unga<\/strong> v\u00e4rlden \u00f6ver. Vi har redan sett lite av detta p\u00e5 ett tidigare klimatm\u00f6te d\u00e4r Greta jagade ut media n\u00e4r unga, till synes traumatiserade, tjejer kastade sig p\u00e5 marken och skrek ut sin \u00e5ngest f\u00f6r att de inte fick som de ville.<\/p>\n<p>Greta (= hennes talskrivare\/f\u00f6r\u00e4ldrar) <strong>avvisar helt kritiskt t\u00e4nkande<\/strong> och blir d\u00e4rf\u00f6r ett mycket d\u00e5ligt f\u00f6red\u00f6me f\u00f6r andra barn.<\/p>\n<p>Greta upprepar i sina tal hela tiden &#8221;<strong><em>Our house is on fire<\/em><\/strong>&#8221;, &#8221;<strong><em>I want you to act as if our house is in fire. Because it is<\/em><\/strong>&#8221;, &#8221;<strong><em>I want you to feel the fear I feel every day<\/em><\/strong>&#8221; och &#8221;<strong><em>I don&#8217;t want you to be hopeful, I want you to panic<\/em><\/strong>&#8221;.<\/p>\n<p>Greta upprepar ocks\u00e5 vad Bo Thor\u00e9n s\u00e4ger; &#8221;<em>Vad \u00e4r det f\u00f6r mening med att g\u00e5 i skolan om man \u00e4nd\u00e5 inte f\u00e5r anv\u00e4ndning av den kunskapen<\/em>&#8221;.<\/p>\n<p>Greta t o m r\u00e4knar ner i dagar och timmar till jordens underg\u00e5ng 2030.<\/p>\n<p>Att injaga fruktan i barn och sprida propaganda kommer inte att leda till n\u00e5got gott i det l\u00e5nga loppet.<\/p>\n<p><strong>EXEMPEL P\u00c5 FAKTAFEL I GRETAS TAL &#8211; DESINFORMATION<\/strong><br \/>\nGreta sa i FN att vi \u00e4r p\u00e5 gr\u00e4nsen av massutd\u00f6ende, med anledning av den <a href=\"https:\/\/www.ipbes.net\/\" target=\"_blank\" rel=\"noopener\">rapport<\/a> som FN sl\u00e4ppte f\u00f6r n\u00e5gra m\u00e5nader sedan om att en miljon arter riskerar att utrotas. Men vad rapporten s\u00e4ger \u00e4r ist\u00e4llet att FN tror att upp till en miljon arter har 10% risk f\u00f6r att d\u00f6 ut under de n\u00e4rmaste 100 \u00e5ren. De flesta av de arter som d\u00f6r ut kommer s\u00e4kert att d\u00f6 ut \u00e4nd\u00e5, oavsett vilka &#8221;<em>klimat\u00e5tg\u00e4rder<\/em>&#8221; l\u00e4nder vidtar (det grundl\u00e4ggande problemet \u00e4r befolkningstillv\u00e4xten i fattiga l\u00e4nder).<\/p>\n<p><strong>Vad Greta inte s\u00e4ger \u00e4r de verkliga sk\u00e4len till den s k &#8221;<em>massutrotningen<\/em>&#8221;. Orsaken \u00e4r INTE klimatet! Det finns tv\u00e5 sk\u00e4l till den del av utrotning av arter som kan h\u00e4rledas till m\u00e4nniskan; 1. Befolknings\u00f6kningen, 2. F\u00f6roreningar (ej koldioxid).<\/strong><\/p>\n<p>I The Daily Show (Trevor Noah) hade Greta f\u00f6rberetts med n\u00e5got som skulle likna fakta, d\u00e4r hon sa; &#8221;<em>Up to 200 species go extinct every single day and, uh, people don&#8217;t even know that we have&#8230; for a 67% chance of limiting the global temperature rise to 1.5 degrees we had, on January 1 2018, 420 gigatons of carbon dioxide left to emit<\/em>&#8221;.<br \/>\nHmm, vad har det ena med det andra att g\u00f6ra? Hur m\u00e5nga av de 200 arterna som d\u00f6r ut beror p\u00e5 ett naturligt utd\u00f6ende (som har p\u00e5g\u00e5tt sedan l\u00e5ngt innan m\u00e4nniskan kom till) och hur mycket beror p\u00e5 CO2? Eftersom Greta inte l\u00e4rt sig logiskt t\u00e4nkande och det h\u00e4r \u00e4r mer komplicerade fr\u00e5gor \u00e4n vad hon (och i princip alla andra) beh\u00e4rskar s\u00e5 blir Gretas &#8221;fakta&#8221; (alltid utan k\u00e4llh\u00e4nvisning) kraftig f\u00f6renklade, f\u00f6rvridna, och v\u00e4ldigt missvisande. <strong>Ren desinformation!<\/strong><\/p>\n<p>Greta h\u00e4vdar; &#8221;<em>Sweden is often referred to as a role model but if we include all our emissions we actually have one of the ten top highest ecological footprints per capita.<\/em>&#8221;. Det finns en hel del att s\u00e4ga om detta (f\u00f6rutom att det blir l\u00f6jligt att ens n\u00e4mna Sverige n\u00e4r 3-4 l\u00e4nder st\u00e5r f\u00f6r n\u00e4stan alla CO2-utsl\u00e4pp&#8230; och n\u00e4stan 100% av v\u00e4xthusgaserna kommer fr\u00e5n naturliga k\u00e4llor, m\u00e4nniskan bidrar bara med 0,28%), men fr\u00e5gan \u00e4r vem det \u00e4r som tutar i Greta alla galenskaper som hon i sin okunskap sedan sprider vidare, utan att ange n\u00e5gon k\u00e4lla?<\/p>\n<p>Ett r\u00e5d till Greta; Sluta att f\u00f6rs\u00f6ka presentera n\u00e5got som kan antas f\u00f6r fakta, och \u00f6verl\u00e5t det till forskarna och riktiga experter&#8230; dvs de som vi till\u00e5ts argumentera med och kritisera n\u00e4r deras p\u00e5st\u00e5enden inte h\u00e5ller.<\/p>\n<p>Varf\u00f6r bjuder FN inte in v\u00e4lrenommerade forskare med l\u00e5ng erfarenhet och djup kompetens inom omr\u00e5det klimat, och som kan h\u00e5lla faktabaserade tal p\u00e5 klimatm\u00f6tena, ist\u00e4llet f\u00f6r en uppskr\u00e4md 16-\u00e5rig liten flicka?<br \/>\n<img class=\"aligncenter\" src=\"https:\/\/hotpot.se\/politik\/wp-content\/uploads\/2019\/09\/greta_thunberg_forskare.jpg\" alt=\"Greta Thunberg\" \/><br \/>\n<strong>UNGA TROR NU ATT V\u00c4RLDEN G\u00c5R UNDER<\/strong><br \/>\nKonsekvenserna av alarmistiska uttalanden som de Greta och hennes associerade \u00e4gnar sig \u00e5t visar sig bl a genom en unders\u00f6kning i USA d\u00e4r <strong>51 procent av de unga tror att v\u00e4rlden g\u00e5r under om 15 \u00e5r<\/strong>.<\/p>\n<p><strong>VAD VILL KLIMATEXTREMISTERNA UPPN\u00c5?<\/strong><br \/>\nVad \u00e4r egentligen Greta Thunbergs och hennes organisations plan f\u00f6r att stoppa <strong>de naturliga klimatf\u00f6r\u00e4ndringarna<\/strong> (d\u00e4r en stor del av klimatf\u00f6r\u00e4ndringarna orsakas av det simpla sk\u00e4let att vi blir en miljard fler m\u00e4nniskor vart 16:e \u00e5r som andas ut CO2, samt av solens p\u00e5verkan)?<\/p>\n<p><strong>F\u00d6RORENINGAR, MILJ\u00d6, KLIMAT OCH V\u00c4DER BLANDAS IHOP<\/strong><br \/>\nGreta och hennes hemliga organisation j\u00e4mst\u00e4ller f\u00f6roreningar med klimat p\u00e5 ett irrationellt s\u00e4tt, samtidigt som de (liksom i medias propaganda) inte kan <strong>s\u00e4rskilja p\u00e5 klimat<\/strong> (= f\u00f6r\u00e4ndringar under minst en 30-\u00e5rs period) <strong>och v\u00e4der<\/strong> (= regn, sol och vind idag, ig\u00e5r och under de senaste \u00e5ren). Det \u00e4r helt enkelt inte inne att prata om det viktiga, dvs <strong>milj\u00f6n<\/strong> och den kritiska och k\u00e4nsliga fr\u00e5gan om hur man ska d\u00e4mpa den alltf\u00f6r snabba <strong>befolkningstillv\u00e4xten<\/strong> i fattigare (ofta muslimska) delar av v\u00e4rlden.<\/p>\n<p><strong>M\u00c5LET<\/strong><br \/>\nDen verklighetsf\u00f6rnekande, nihilistiska klimatr\u00f6relsens attacker &#8211; med FN och andra globalister i spetsen &#8211; mot kapitalism, demokrati och nationalstater tycks ha en FN-ledd universell regering som m\u00e5l.<\/p>\n<p>Vad menar Greta Thunberg med:<\/p>\n<blockquote><p><span style=\"color: #0000ff;\">Ni har stulit mina dr\u00f6mmar och min barndom med era tomma ord<\/span><\/p><\/blockquote>\n<p>Vad \u00e4r Gretas dr\u00f6mmar som hon anser sig bestulen p\u00e5?<br \/>\nDet ska noteras om Gretas barndom att hon v\u00e4xt upp i ett v\u00e4lb\u00e4rgat hem, med tv\u00e5 f\u00f6rm\u00f6gna f\u00f6r\u00e4ldrar, privilegierad i Sverige. Att n\u00e5gra (hennes l\u00e4rare,\u00a0Anita von Berens, mamma Malena Ernman och andra klimatalarmister) skr\u00e4mde vettet ur henne med osaklig skr\u00e4mselpropaganda om klimatet n\u00e4r hon var \u00e5tta \u00e5r f\u00e5r hon nog skuldbel\u00e4gga specifikt dessa personer f\u00f6r och ingen annan.<\/p>\n<p><strong>VARF\u00d6R VILL INGEN L\u00c4RA GRETA VAD ORDET STREJK BETYDER?<\/strong><br \/>\nSedan kan man naturligtvis tycka att det \u00e4r m\u00e4rkligt att Greta, som ger intryck av att vara en beg\u00e5vad tjej, om \u00e4n hj\u00e4rntv\u00e4ttad, <strong>inte f\u00f6rst\u00e5r skillnaden mellan &#8221;<em>strejk<\/em>&#8221; och &#8221;<em>demonstration<\/em>&#8221;<\/strong>. Greta har naturligtvis instruerats att inte s\u00e4ga ordet &#8221;<em>demonstration<\/em>&#8221;, men det blir lite konstigt n\u00e4r hon hela tiden pratar om &#8221;<em>strejker<\/em>&#8221; som aldrig \u00e4gt rum, och inte ett enda media korrigerar henne. Om Greta varit \u00e4rlig borde hon v\u00e4l skrivit &#8221;<em>Skolskolk f\u00f6r klimatet<\/em>&#8221; p\u00e5 sin skylt?<\/p>\n<p><strong>VILKET ANSVAR HAR F\u00d6R\u00c4LDRARNA?<\/strong><br \/>\n\u00c4r det inte (om n\u00e5gon) Greta sj\u00e4lv och hennes mamma, Malena Ernman, som stulit Gretas dr\u00f6mmar och barndom n\u00e4r Greta skolkat fr\u00e5n skolan (d\u00e4r samh\u00e4llet s\u00e4nder signaler att det \u00e4r ok att skolka), dessutom utan konsekvenser f\u00f6r f\u00f6r\u00e4ldrarna?<\/p>\n<p>Vad menar Greta Thunberg med:<\/p>\n<blockquote><p><span style=\"color: #0000ff;\">Hur v\u00e5gar ni svika oss?<\/span><\/p><\/blockquote>\n<p>Vem har svikit vem p\u00e5 vilket s\u00e4tt?<br \/>\nVi har en S+MP-regering i Sverige som inte gjort annat \u00e4n att svika folket, varf\u00f6r inte b\u00f6rja d\u00e4r?<\/p>\n<p>Greta Thunberg:<br \/>\n<span style=\"color: #0000ff;\">\u2013 Allt det h\u00e4r \u00e4r fel. Jag borde inte vara h\u00e4r uppe. Jag borde vara i skolan p\u00e5 andra sidan havet. \u00c4nd\u00e5 kommer ni till oss ungdomar f\u00f6r hopp. Hur v\u00e5gar ni? Ni har stulit mina dr\u00f6mmar och min barndom med era tomma ord. \u00c4nd\u00e5 \u00e4r jag en av de lyckliga. <strong>Folk lider. Folk d\u00f6r. Hela ekosystem kollapsar. Vi \u00e4r i b\u00f6rjan av ett massutd\u00f6ende<\/strong> \u2013 och allt ni kan prata om \u00e4r pengar och sagober\u00e4ttelser om st\u00e4ndig ekonomisk tillv\u00e4xt. Hur v\u00e5gar ni?<\/span><\/p>\n<p>Det finns kanske ett och annat h\u00e4r att inv\u00e4nda mot. Men visst, vi \u00e4r i b\u00f6rjan av ett av flera &#8221;<em>massutd\u00f6enden<\/em>&#8221; och n\u00e4r solen blivit ett stort r\u00f6tt klot \u00e4r slutet n\u00e4ra.<\/p>\n<p>Faktum \u00e4r att tack vare koldioxiden och den medf\u00f6ljande v\u00e4xtligheten s\u00e5 har ekosystemet aldrig i modern tid varit s\u00e5 starkt tidigare. D\u00e4r det finns problem s\u00e5 beror det bl a p\u00e5 det moderna jordbruket med anv\u00e4ndning av gifter. \u00c4ven vindkraftverk leder till utrotning av arter (t ex f\u00e5glar och fladderm\u00f6ss).<\/p>\n<p>Greta Thunberg:<br \/>\n<span style=\"color: #0000ff;\">\u2013 <strong>I \u00f6ver 30 \u00e5r har vetenskapen varit kristallklar.<\/strong> Hur v\u00e5gar ni forts\u00e4tta titta bort? Ni kommer hit och s\u00e4ger att ni g\u00f6r tillr\u00e4ckligt, medan politiken och l\u00f6sningarna som beh\u00f6vs inte fortfarande \u00e4r n\u00e5gonstans i n\u00e4rheten av vad som kr\u00e4vs. Ni s\u00e4ger att ni h\u00f6r oss och att ni f\u00f6rst\u00e5r allvaret. Men oavsett hur ledsen och arg jag \u00e4r kan jag inte tro p\u00e5 det. <strong>F\u00f6r om ni verkligen f\u00f6rstod situationen och \u00e4nd\u00e5 struntade i att agera skulle ni vara onda.<\/strong> Och jag v\u00e4grar tro att ni \u00e4r det.<\/span><\/p>\n<p><strong>VETENSKAPEN KRISTALLKLAR?<\/strong><br \/>\nVetenskapen har aldrig varit kristallklar. S\u00e4rskilt inte vad g\u00e4ller en s\u00e5 komplex och komplicerad vetenskaplig fr\u00e5ga som klimatet. Undrar vad det \u00e4r Greta och hennes organisation, i sin okunskap, tror \u00e4r kristallklart?<\/p>\n<p><strong>FAKTABEFRIAT TAL<br \/>\nDet blir lite sv\u00e5rt att ta en person &#8211; oavsett vem det \u00e4r &#8211; seri\u00f6st n\u00e4r denna h\u00e5ller ett tal som \u00e4r kliniskt rent fr\u00e5n fakta, konkreta problemformuleringar och f\u00f6rslag p\u00e5 \u00e5taganden.<\/strong><\/p>\n<p><strong>V\u00c4LF\u00c4RD M\u00c5STE HA H\u00d6GSTA PRIORITET<\/strong><br \/>\nL\u00e4nder kan inte vara s\u00e5 oansvariga att de &#8211; i likhet med L\u00f6fvens S+MP-regering &#8211; tar k\u00e4nslostyrda ist\u00e4llet f\u00f6r faktabaserade beslut. Det kommer att ta en \u00e4nde i f\u00f6rskr\u00e4ckelse om regeringschefer inte nu tydligt visar folket att man ska verka f\u00f6r milj\u00f6n (inte &#8221;<em>klimatet<\/em>&#8221;), men att det samtidigt \u00e4r medborgarna och landets v\u00e4lf\u00e4rd som \u00e4r prioritet ett, varp\u00e5 reducerade utsl\u00e4pp och f\u00f6roreningar f\u00f6ljer som en naturlig del i utvecklingen i alla utvecklade l\u00e4nder.<\/p>\n<p>Sverige ska inte alltid &#8211; p\u00e5 bekostnad av v\u00e4lf\u00e4rden &#8211;\u00a0 &#8221;<em>f\u00f6reg\u00e5 med gott exempel<\/em>&#8221; f\u00f6r l\u00e4nder som inte bryr sig. Det kr\u00e4vs helt andra \u00e5tg\u00e4rder om man verkligen vill uppn\u00e5 n\u00e5got.<\/p>\n<p><strong>VARF\u00d6R TYST OM KINA OCH INDIEN?<\/strong><br \/>\nFegt att i sitt tal inte v\u00e5ga n\u00e4mna tv\u00e5 av de st\u00f6rsta milj\u00f6bovarna p\u00e5 planeten; Kina och Indien (som inte kommer att lyfta ett finger med anledning av Gretas tal) med deras kolkraftverk, kemiska industrier, utsl\u00e4pp av plaster i haven, etc. Ist\u00e4llet pekas tre l\u00e4nder i Europa och tv\u00e5 l\u00e4nder i Sydamerika ut som de v\u00e4rsta milj\u00f6skurkarna.<\/p>\n<p><strong>F\u00d6RENKLING AV PROBLEMEN<\/strong><br \/>\nV\u00e4nsterextremister har en tendens att f\u00f6renkla komplicerade problem till oigenk\u00e4nnlighet och att st\u00e4lla orimliga krav f\u00f6r sin politiska agenda, som bara fungerar i diktaturer och som inte l\u00f6ser n\u00e5got problem av relevans.<\/p>\n<p><strong>GRETA, EN MORALISK SK\u00d6LD<br \/>\nMilj\u00f6extremister anv\u00e4nder ett barn, Greta Thunberg, som en m\u00e4nsklig sk\u00f6ld f\u00f6r att skydda sina klimatk\u00e4nslor och sina ogrundade p\u00e5st\u00e5enden fr\u00e5n varje form av kritik.<\/strong><\/p>\n<p><strong>N\u00e4r du inte kan argumentera f\u00f6r eller f\u00f6rsvara dina \u00e5sikter, l\u00e5t barn marschera p\u00e5 frontlinjen och utmana dina meningsmotst\u00e5ndare att attackera dessa barn.<\/strong><\/p>\n<h3>Media v\u00e5gar inte s\u00e4ga vad de tycker och redovisar ensidigt folkets \u00e5sikt<\/h3>\n<p><strong>MEGAKLYFTA MELLAN MEDIA OCH FOLKET<\/strong><br \/>\nV\u00e5rt k\u00e4ra v\u00e4nster- och k\u00e4nslostyrda media ser s\u00e4kert vad det sansade och f\u00f6rnuftiga folket ser, men v\u00e5gar inte kritisera. Det p\u00e5minner lite om Kejsarens nya kl\u00e4der, alla kan se problemen och sakfelen men ingen v\u00e5gar s\u00e4ga n\u00e5got.<\/p>\n<p>Media vill inte ta n\u00e5got ansvar f\u00f6r det &#8221;klimatmonster&#8221; de skapat, som med stor s\u00e4kerhet kommer att leda Sverige in i den djupaste l\u00e5gkonjunkturen i modern tid. Det \u00e4r ironiskt att de flesta som kommer att lida mest av S+MP-regeringens missk\u00f6tsel av landet \u00e4r de som r\u00f6stat p\u00e5 just S, MP och V.<\/p>\n<p>\u00c5terigen \u00e4r SVT:s nyhetss\u00e4ndningar fyllda fr\u00e5n start till slut med klimat, klimat, Trumps twitter, klimat, klimat, Boris \u00e4r dum, klimat, klimat, Trump, Boris, klimat, klimat (precis som n\u00e4r <a title=\"52% p\u00e5 SVT r\u00f6star p\u00e5 Milj\u00f6partiet. Medias p\u00e5verkan \u2013 Ett demokratiskt problem (2015-01-04)\" href=\"https:\/\/hotpot.se\/politik\/medias-paverkan-ett-demokratiskt-problem-2\/\" target=\"_blank\" rel=\"noopener\">Public Service<\/a> lobbade in Milj\u00f6partiet i riksdagen i valet 2018, delvis med st\u00f6d av Greta). Ingen bryr sig om milj\u00f6n l\u00e4ngre. Vips, s\u00e5 \u00e4r alla problem med invandring, brottslighet, korruption och alla andra problem i Sverige som bortbl\u00e5sta och de ansvariga politikerna kan andas ut.<\/p>\n<p><a href=\"https:\/\/www.expressen.se\/nyheter\/klimat\/dags-for-klimattoppmotet-upp-till-bevis-for-varldens-lander-1\/\" target=\"_blank\" rel=\"noopener\"><img class=\"aligncenter\" src=\"https:\/\/hotpot.se\/politik\/wp-content\/uploads\/2019\/09\/greta_thunberg_fn_tal.jpg\" alt=\"Greta Thunberg talar inf\u00f6r FN\" \/><\/a><br \/>\nDet finns n\u00e5got orov\u00e4ckande i Greta Thunbergs \u00f6gon n\u00e4r Donald Trump passerar. Ett djupt hat som en 16-\u00e5ring inte borde besitta:<br \/>\n<img class=\"aligncenter\" src=\"https:\/\/hotpot.se\/politik\/wp-content\/uploads\/2019\/09\/greta_thunberg_donald_trump.jpg\" alt=\"Greta Thunberg vill inte tr\u00e4ffa Donald Trump\" \/><br \/>\n<span style=\"color: #0000ff;\">&#8211; Jag har ingen \u00f6nskan om att tr\u00e4ffa president Trump. Jag k\u00e4nner inget behov av det. Det jag f\u00f6rs\u00f6ker g\u00f6ra nu \u00e4r att <strong>skapa allm\u00e4nbildning och informera m\u00e4nniskor om vad som h\u00e4nder<\/strong> och jag ser inte vad ett m\u00f6te med Donald Trump skulle g\u00f6ra rent konkret<\/span>, s\u00e4ger Thunberg till DN.<\/p>\n<p>Varje 16-\u00e5ring borde vara intresserad av att tr\u00e4ffa en demokratiskt vald president. Men Greta Thunberg verkar ha <strong>inpr\u00e4ntats ett starkt hat mot alla som inte delar hennes \u00e5sikt fullt ut<\/strong>.<\/p>\n<p>Gretas f\u00f6r\u00e4ldrar verkar inte vara n\u00e5got gott f\u00f6red\u00f6me, inte minst eftersom de b\u00e4gge st\u00f6ttar den v\u00e4nsterextrema, revolution\u00e4ra, militanta AFA-r\u00f6relsen (vi minns bilderna Greta la ut p\u00e5 sig i juli p\u00e5 twitter d\u00e4r hon bar sin Antifa-t-shirt). Malena Ernman och Svante Thunberg driver sin politiska agenda med Greta som frontfigur och marionett.<\/p>\n<p>Om Greta verkligen haft en vilja att &#8221;<em>skapa allm\u00e4nbildning och informera m\u00e4nniskor om vad som h\u00e4nder<\/em>&#8221; skulle hon kanske fokusera p\u00e5 fakta ist\u00e4llet f\u00f6r brandtal om sina k\u00e4nslor? En f\u00f6ljdeffekt av det skulle bli att hon ges en chans att <strong>l\u00e4ra sig mer \u00e4n det som inplanterats i hennes hj\u00e4rna av sin mamma och andra klimatextremister<\/strong>.<\/p>\n<p>Om Greta Thunberg verkligen \u00f6nskat uppn\u00e5 n\u00e5got skulle hon kunna diskutera med vem som helst, t o m USA:s president. De som coachar Gretas kamp mot klimatet borde upplysa henne om detta ist\u00e4llet f\u00f6r att hela tiden f\u00f6rs\u00f6ka f\u00f6rdumma debatten.<\/p>\n<p><strong>GRETA BEH\u00d6VER L\u00c4RA SIG ATT T\u00c4NKA SJ\u00c4LV<\/strong><br \/>\nDen v\u00e4nsterextrema tidningen Nyheter24 l\u00e4gger ut rubriken &#8221;<em>Greta Thunberg <strong>tvingades<\/strong> m\u00f6ta Donald Trump i FN<\/em>&#8221;. Det blir bara tramsigt n\u00e4r media beter sig som sm\u00e5 barn. Ingen tvingade Greta till n\u00e5got och Greta m\u00e5ste nog l\u00e4ra sig att <strong>inte bara till 100% omges med duperade m\u00e4nniskor som tycker som henne<\/strong>. Gretas bakomliggande organisation har varit duktig p\u00e5 att skydda henne fr\u00e5n olikt\u00e4nkande, men det gagnar knappast hennes f\u00f6rm\u00e5ga att kunna t\u00e4nka sj\u00e4lv.<\/p>\n<p>Nyheter24 h\u00e4vdar att Trump g\u00e5tt &#8221;<strong><em>till attack<\/em><\/strong>&#8221; mot Greta n\u00e4r han twittrade:<\/p>\n<blockquote><p>Donald Trump gick i natt till attack mot 16-\u00e5riga Greta Thunberg. P\u00e5 Twitter skriver presidenten att Thunberg verkar vara en &#8221;glad tjej&#8221;.<\/p><\/blockquote>\n<h3>Brittany Trilford<\/h3>\n<p>Greta Thunbergs framtr\u00e4dande i FN var emellertid inte unikt. 2012 gav den 17-\u00e5riga Brittany Trilford, p\u00e5 U.N. Earth Summit, FN:s delegater 72 timmar att besluta om v\u00e4rlden skulle r\u00e4ddas, p\u00e5 motsvarande s\u00e4tt som Greta Thunberg gjorde idag:<br \/>\n<iframe loading=\"lazy\" src=\"https:\/\/www.youtube.com\/embed\/karQQb-B8Uk?start=5\" width=\"560\" height=\"315\" frameborder=\"0\" allowfullscreen=\"allowfullscreen\"><\/iframe><br \/>\nVackra ord, och visst m\u00e5ste vi f\u00f6rs\u00f6ka g\u00f6ra n\u00e5got d\u00e4r det g\u00e5r att g\u00f6ra n\u00e5got och d\u00e4r det finns ett verkligt behov. Men i det verkliga livet m\u00e5ste man g\u00f6ra tre saker f\u00f6rst; 1. <strong>Formulera konkreta problem<\/strong> baserade p\u00e5 vetenskapliga fakta. 2. <strong>Formulera konkreta \u00e5tg\u00e4rder<\/strong> p\u00e5 respektive problem, med exakt vem (vilket land) som ska g\u00f6ra exakt vad, med vilken prioritering och vid vilken tidpunkt (med start- och slutdatum). 3. G\u00f6ra en sanningsenlig och realistisk <strong>konsekvensanalys<\/strong> av f\u00f6reslagna \u00e5tg\u00e4rder.<\/p>\n<p>Minskad konsumtion negativt f\u00f6r klimatet:<br \/>\n<iframe loading=\"lazy\" src=\"https:\/\/www.youtube.com\/embed\/pBbvehbomrY\" width=\"560\" height=\"315\" frameborder=\"0\" allowfullscreen=\"allowfullscreen\"><\/iframe><\/p>\n<h3>Severn Suzuki<\/h3>\n<p><a href=\"https:\/\/www.ucsusa.org\/sites\/default\/files\/attach\/2017\/11\/World%20Scientists%27%20Warning%20to%20Humanity%201992.pdf\" target=\"_blank\" rel=\"noopener\">1992<\/a> h\u00f6ll den 12-\u00e5riga klimataktivisten Severn Cullis-Suzuki ett Greta Thunberg-domedagstal p\u00e5 FN:s &#8221;Rio Summit 1992&#8221;, United Nations Conference on Environment and Development:<br \/>\n<iframe loading=\"lazy\" src=\"https:\/\/www.youtube.com\/embed\/oJJGuIZVfLM\" width=\"560\" height=\"315\" frameborder=\"0\" allowfullscreen=\"allowfullscreen\"><\/iframe><br \/>\nSevern s\u00e4ger sig vara r\u00e4dd f\u00f6r att g\u00e5 utomhus och hon \u00e4r r\u00e4dd f\u00f6r att andas. Hon v\u00e5gar inte fiska f\u00f6r hon \u00e4r r\u00e4dd f\u00f6r att fisken har cancer. Hon har dr\u00f6mt om naturen men \u00e4r nu r\u00e4dd f\u00f6r att flora och fauna inte ska existera &#8221;<em>f\u00f6r hennes barn att se<\/em>&#8221;. &#8221;<em>Jag \u00e4r bara ett barn, men<\/em>&#8230;&#8221; upprepar Severn g\u00e5ng p\u00e5 g\u00e5ng, &#8221;<em>Vad du g\u00f6r f\u00e5r mig att gr\u00e5ta om n\u00e4tterna<\/em>&#8221;, s\u00e4ger hon i en sal med n\u00e4stan enbart tomma stolar.<\/p>\n<h3>Kathy Jetnil-Kijiner<\/h3>\n<p><iframe loading=\"lazy\" src=\"https:\/\/www.youtube.com\/embed\/L4fdxXo4tnY\" width=\"560\" height=\"315\" frameborder=\"0\" allowfullscreen=\"allowfullscreen\"><\/iframe><br \/>\n\u00c5r 2014 fick poeten Kathy Jetnil-Kijiner (fr\u00e5n Marshall \u00f6arna) &#8211; titulerad &#8221;<em>climate warrior<\/em>&#8221; tala inf\u00f6r FN:s &#8221;Climate Leaders Summit&#8221; och l\u00e4sa upp en k\u00e4nslosam och \u00f6verdramatisk dikt om klimatflyktingar som inte finns. Naturligtvis hyllades hon av \u00e5h\u00f6rarna f\u00f6r alla hennes p\u00e5st\u00e5dda icke-existerande klimatproblem. 2015 inviterades hon igen till COP21 i Paris.<\/p>\n<p><strong>F\u00d6RSLAG TILL \u00c5TG\u00c4RDER SAKNAS<\/strong><br \/>\nOrden \u00e4r ungef\u00e4r desamma fr\u00e5n domedagstal till domedagstal och har det gemensamt att jordens underg\u00e5ng \u00e4r n\u00e4ra f\u00f6rest\u00e5ende (10 \u00e5r, oavsett startdatum), att exploatera talarens \u00e5lder, att ingen konkret problemformulering finns, att inte en tillstymmelse till f\u00f6rslag presenteras till n\u00e5got p\u00e5st\u00e5tt problem, samt att inte ett sakligt ord n\u00e4mns till st\u00f6d f\u00f6r tyckandet. Det \u00e4r bara k\u00e4nslor, k\u00e4nslor, k\u00e4nslor.<br \/>\n<img class=\"aligncenter\" title=\"Vem har stulit 16-\u00e5riga Greta Thunbergs barndom?\" src=\"https:\/\/hotpot.se\/politik\/wp-content\/uploads\/2019\/09\/greta_thunberg_barndom.jpg\" alt=\"Vem har stulit 16-\u00e5riga Greta Thunbergs barndom?\" \/><\/p>\n<h3>Greta Tintin Thunberg<\/h3>\n<p>Greta Thunberg \u00e4r s\u00e4kert en mycket duktig tjej, med potential och ett ber\u00f6mv\u00e4rt engagemang, som haft en tuff uppv\u00e4xt med Aspergers syndrom (autism), OCD, depression, anorexia och allt vad det nu \u00e4r som hennes mamma p\u00e5st\u00e5r, men fokus landar fel med domedagsprofetior som inte \u00e4r vetenskapligt underbyggda och d\u00e4r fakta f\u00e5r st\u00e5 \u00e5t sidan f\u00f6r k\u00e4nslor och konstruerad &#8221;<em>klimat\u00e5ngest<\/em>&#8221;.<\/p>\n<p>I en intervju 2019-03-15 sa Greta Thunberg;<\/p>\n<blockquote><p><span style=\"color: #0000ff;\">De m\u00e4nniskor jag pratar med har inte baskunskaperna ens. De vet inte ens vad Keelingkurvan \u00e4r eller Albedoeffekten, och det \u00e4r ju helt absurt.<\/span><\/p><\/blockquote>\n<p>Gretas organisation har l\u00e4rt Greta tv\u00e5 ord och bett henne att stajla inf\u00f6r media, men det blev kanske inte s\u00e5 lyckat?<\/p>\n<p>PS. Ja, f\u00f6r\u00e4ldrarna har faktisk d\u00f6pt Greta till Tintin.<\/p>\n<p><strong>DE L\u00c4TTMANIPULERADE UTNYTTJAS<\/strong><br \/>\nUnga ton\u00e5rstjejer \u00e4r l\u00e4tta att indoktrinera och vi har under de senaste \u00e5ren sett v\u00e4ldigt m\u00e5nga exempel p\u00e5 hur organisationer utnyttjar dessa tjejer i &#8221;<em>det godas<\/em>&#8221; syfte. Vi har alla sett att det \u00e4r en <strong>\u00f6verv\u00e4ldigande majoritet av unga tjejer<\/strong> i de &#8221;klimatdemonstrationer&#8221; som f\u00f6ljer p\u00e5 Gretas st\u00e4ndiga uppmaningar.<\/p>\n<p><strong>GRETAS MISSLYCKADE F\u00d6RS\u00d6K TILL STREJK<\/strong><br \/>\nDet \u00e4r intressant att n\u00e4r Greta &#8211; dvs i verkligheten de som inte drar sig f\u00f6r att exploatera en ung och mentalt br\u00e4cklig flicka &#8211; f\u00f6rs\u00f6kte f\u00e5 vuxna \u00f6ver hela v\u00e4rlden att &#8221;<em>strejka f\u00f6r klimatet<\/em>&#8221; (vilket i praktiken var en uppmaning att v\u00e4stv\u00e4rlden skulle sluta konsumera) blev resultatet noll. Inte en enda vuxen f\u00f6ljde Gretas uppmaning. Greta m\u00e5ste nog h\u00e5lla sig till de l\u00e4ttmanipulerade och okunniga.<\/p>\n<p><strong>INGEN VERKAR BRY SIG OM GRETAS H\u00c4LSA<\/strong><br \/>\nDe flesta vuxna skulle inte orka med alla m\u00f6ten och konferenser samt intervjuer med alla medier i v\u00e4st. Hur orkar Greta, med Asperger och alla andra problem? Det \u00e4r fullt f\u00f6rst\u00e5eligt att Greta ser nedbruten ut, men man kan undra varf\u00f6r inte <strong>sociala myndigheter griper in<\/strong> och s\u00e4tter <strong>stopp f\u00f6r denna exploatering av en 16-\u00e5rig flicka som s\u00e5 uppenbart inte m\u00e5r bra<\/strong>. Speciellt med tanke p\u00e5 att myndigheterna inte reagerat tidigare p\u00e5 att Greta, med st\u00f6d av sina f\u00f6r\u00e4ldrar samt sin l\u00e4rare, satt i system att skolka fr\u00e5n skolan&#8230; och p\u00e5 ett subversivt s\u00e4tt uppmanat andra att g\u00f6ra samma sak. Varf\u00f6r tycks det sociala skyddsn\u00e4tet vara handlingsf\u00f6rlamat i Sverige?<br \/>\n<a name=\"unicef\"><\/a><br \/>\n<strong>UNICEFS DUBBELMORAL &#8211; BRYR SIG BARA OM SIG SJ\u00c4LV<\/strong><br \/>\nUNICEF Sverige skriver p\u00e5 sin Facebook; &#8221;<em>Till alla vuxna p\u00e5 Facebook\u2026 De senaste dagarna har vi lagt ut inl\u00e4gg om Greta Thunberg, en <strong>stark<\/strong> och modig tjej som anv\u00e4nder sin r\u00e4tt som barn och m\u00e4nniska att g\u00f6ra sig h\u00f6rd i klimatdebatten. Men tyv\u00e4rr \u00e4r det m\u00e5nga vuxna som skriver <strong>nedl\u00e5tande<\/strong> och hatiska kommentarer om Greta som person. Det kan vi inte acceptera.<\/em>&#8221;.<br \/>\nSj\u00e4lvklart ska inte en enda hatisk kommentar skrivas om varken Greta eller n\u00e5gon annan, men det visar p\u00e5 en <strong>s\u00e4llsynt skr\u00e4pig dubbelmoral att inte acceptera &#8221;<em>nedl\u00e5tande<\/em>&#8221; (enigt valfri tolkning) kommentarer om Gretas offentliga uttalanden samtidigt som UNICEF inte har n\u00e5gra problem att acceptera den barnmisshandel m\u00e5nga anser att f\u00f6r\u00e4ldrarna uts\u00e4tter Greta f\u00f6r<\/strong>. Sk\u00e4ms UNICEF! Om ni verkligen v\u00e4rnar om Greta s\u00e5 uts\u00e4tt henne inte f\u00f6r det som ni uts\u00e4tter henne f\u00f6r! Acceptera inte att f\u00f6r\u00e4ldrarna anv\u00e4nder Greta som front f\u00f6r sin politiska agenda. Det \u00e4r ert ansvar!<\/p>\n<p>Se: <a title=\"UNICEF och media uts\u00e4tter Greta Thunberg f\u00f6r barnmisshandel (2019-09-28)\" href=\"https:\/\/hotpot.se\/politik\/unicef-och-media-utsatter-greta-thunberg-for-barnmisshandel\/\" target=\"_blank\" rel=\"noopener\"><strong>UNICEF och media uts\u00e4tter Greta Thunberg f\u00f6r barnmisshandel<\/strong><\/a><\/p>\n<p><strong>VART SKA KRITIKEN RIKTAS?<\/strong><br \/>\nGreta \u00e4r gammal nog f\u00f6r att kunna kritiseras (hon \u00e4r faktiskt straffmyndig), men i sj\u00e4lva verket \u00e4r det ju de opportunistiska m\u00e4nniskorna runt Greta som utnyttjar henne som ska kritiseras, ingen annan. S\u00e4rskilt mycket kan de politiker (t ex Stefan L\u00f6fven) och k\u00e4ndisar (t ex Barack Obama, Arnold Schwarzenegger,\u00a0Woody Harrelson, Anne Hathaway, Penelope Cruz, Leonardo DiCaprio och p\u00e5ve Franciskus) kritiseras som hurrar fram Greta Thunbergs &#8211; och d\u00e4rmed m\u00e5nga andra barns &#8211; k\u00e4nsla av total panik och \u00e5ngest.<\/p>\n<p>M\u00e5nga av de som nu vill synas i str\u00e5lkastarljuset och framst\u00e5 som goda h\u00e4vdar att <strong>Greta \u00e4r s\u00e5\u00e5\u00e5 modig<\/strong> som v\u00e5gar s\u00e4ga vad hon s\u00e4ger (trots att Greta inte har sagt n\u00e5got konkret och skyr fakta). Som om den 16-\u00e5riga Aspergers-Greta skulle riskera n\u00e5got, n\u00e4r hon kan s\u00e4ga precis vad som helst om vem som helst utan att riskera n\u00e5gra negativa konsekvenser. Det \u00e4r inte utan anledning att hon valts ut som frontfigur f\u00f6r extremisterna.<\/p>\n<p>\u00c4r det ingen som finner det m\u00e4rkligt att Greta aldrig n\u00e4mner Kina, eller Indien, eller Hollywood-eliten, eller t ex Leonardo DiCaprios privata jet. Greta-organisationen h\u00e5ller alla om ryggen som de kan nyttja till sin f\u00f6rdel. \u00c4r det att vara modig? Eller \u00e4r det kanske raka motsatsen, ett <strong>hyckleri<\/strong>?<\/p>\n<p><strong>FOKUS FLYTTAS FR\u00c5N AKUTA OCH V\u00c4XANDE PROBLEM<\/strong><br \/>\nM\u00e5nga \u00e4r nu de politiker som utnyttjar den av media och Greta Thunbergs organisation skapade &#8221;<em>klimat\u00e5ngesten<\/em>&#8221; f\u00f6r att flytta fokus fr\u00e5n de stora och n\u00e4ra problemen, inte minst det \u00f6kade v\u00e5ldet och den \u00f6kande kriminaliteten samt den okontrollerade befolkningstillv\u00e4xten och invandringen.<\/p>\n<p><strong>TRANSPARENS SAKNAS<\/strong><br \/>\nDessutom kr\u00e4vs mer transparens. S\u00e5 l\u00e4nge de som styr och exploaterar Greta Thunberg &#8211; inkl alla f\u00f6retag och organisationer som finansierar henne (t ex <a href=\"https:\/\/sverigesradio.se\/sida\/artikel.aspx?programid=125&amp;artikel=7127615\" target=\"_blank\" rel=\"noopener\">Bo Thor\u00e9n<\/a>, fr\u00e5n f\u00f6reningen Fossilfritt Dalsland, som initierade Gretas &#8221;<em>skolstrejk<\/em>&#8221;, Ingmar Rentzhog\/&#8221;<em>We don&#8217;t have time<\/em>&#8221; samt socialdemokraten Kristina Persson) &#8211; inte v\u00e5gar framst\u00e5 med namn eller bild s\u00e5 kan Greta, som m\u00e5nga h\u00e4vdar \u00e4r i h\u00e4nderna p\u00e5 globalisterna\/George Soros, inte upplevas som s\u00e4rskilt trov\u00e4rdig.<\/p>\n<p>En hemlig grupp bakom Greta utnyttjar henne f\u00f6r att manipulera andra barn &#8211; i regel k\u00e4nsliga och l\u00e4ttp\u00e5verkade unga tjejer, s\u00e5 kallade &#8221;<em><a title=\"Video med sn\u00f6flinga\" href=\"https:\/\/hotpot.se\/politik\/greta-thunberg-silkesvantar-av#snowflakes\" target=\"_blank\" rel=\"noopener\">sn\u00f6flingor<\/a><\/em>&#8221; &#8211; f\u00f6r att styra media att sprida ensidig propaganda och politiska budskap.<\/p>\n<p>En liten l\u00e4ttkr\u00e4nkt sn\u00f6flinga:<br \/>\n<div style=\"width: 640px;\" class=\"wp-video\"><!--[if lt IE 9]><script>document.createElement('video');<\/script><![endif]-->\n<video class=\"wp-video-shortcode\" id=\"video-35291-1\" width=\"640\" height=\"360\" preload=\"metadata\" controls=\"controls\"><source type=\"video\/mp4\" src=\"https:\/\/hotpot.se\/politik\/snowflake.mp4?_=1\" \/><a href=\"https:\/\/hotpot.se\/politik\/snowflake.mp4\">https:\/\/hotpot.se\/politik\/snowflake.mp4<\/a><\/video><\/div><br \/>\n<!--\n\n\n<blockquote class=\"twitter-tweet\">\n\n\n<p dir=\"ltr\" lang=\"en\">Shortest revolution ever <a href=\"https:\/\/t.co\/0KTxkqQOz8\">pic.twitter.com\/0KTxkqQOz8<\/a><\/p>\n\n\n\u2014 Denlesks (@Denlesks) <a href=\"https:\/\/twitter.com\/Denlesks\/status\/1120885362350444546?ref_src=twsrc%5Etfw\">April 24, 2019<\/a><\/blockquote>\n\n\n--><br \/>\n<script async src=\"https:\/\/platform.twitter.com\/widgets.js\" charset=\"utf-8\"><\/script><\/p>\n<p><strong>PLAKATPOLITIK IST\u00c4LLET F\u00d6R FAKTA<\/strong><br \/>\nRisken \u00e4r att m\u00e5nga upplever det fegt och djupt ohederligt att en organisation har en frontfigur som inte kan ifr\u00e5gas\u00e4ttas, som inte vill ta debatten och som media inte v\u00e5gar kritisera.<br \/>\n<!--\nN\u00e4r Greta inte har ett manuskript att l\u00e4sa fr\u00e5n blir det inte lika l\u00e4tt. Greta paraderas runt av skrupell\u00f6sa m\u00e4nniskor med en obskyr politisk agenda - h\u00e4r nedan <strong>UNICEF<\/strong> -, men dessa organisationer m\u00e5ste nog sluta utnyttja Greta innan de kn\u00e4cker henne helt... och Greta \u00e4r i stort behov av att avprogrammeras om hon ska kunna leva ett normalt liv:\n<iframe loading=\"lazy\" src=\"https:\/\/www.youtube.com\/embed\/0bwLt_5t73g\" width=\"560\" height=\"315\" frameborder=\"0\" allowfullscreen=\"allowfullscreen\"><\/iframe>--><\/p>\n<h3>Debatt efterlyses<\/h3>\n<p>Det blir aldrig bra n\u00e4r det bara \u00e4r en sida som till\u00e5ts g\u00f6ra sig h\u00f6rd. Om klimataktivisterna verkligen vill uppn\u00e5 n\u00e5got s\u00e5 m\u00e5ste de v\u00e5ga debattera det s k &#8221;<em>klimathotet<\/em>&#8221; med dem som \u00e4r av annan \u00e5sikt. Dvs med kunniga och kompetenta personer som t ex inte h\u00e5ller med om att den koldioxid vi alla andas ut, och som g\u00f6r att v\u00e5r planet frodas, p\u00e5verkar klimatet s\u00e5 drastiskt i negativ riktning. S\u00e5 l\u00e4nge klimataktivister och medier fruktar sakliga debatter kommer bara ilskan och polariseringen att v\u00e4xa.<\/p>\n<p>I ett antal fr\u00e5gor kan man tycka att debatten \u00e4r snedvriden (inte minst n\u00e4r det g\u00e4ller invandringen) men n\u00e4r det g\u00e4ller klimatet s\u00e5 existerar det inte ens en debatt mer \u00e4n mellan dem som tycker ungef\u00e4r likadant. Om klimataktivisterna \u00e4r s\u00e5 \u00f6vertygade om att de har r\u00e4tt, varf\u00f6r \u00e4r de livr\u00e4dda f\u00f6r sakliga debatter?<\/p>\n<p><strong>FAKE NEWS \/ AL GORE<\/strong><br \/>\nVi vet idag att den klimataktivism som Al Gore skapade inte ledde till n\u00e5got konstruktivt och att hans profetior inte slog in. Varf\u00f6r inte ist\u00e4llet utg\u00e5 fr\u00e5n fakta och konkreta f\u00f6rslag om vad som beh\u00f6ver g\u00f6ras av vem f\u00f6r att uppn\u00e5 vad?<\/p>\n<h3>Sansade klimatskeptiker mot faktabefriade klimatextremister<\/h3>\n<p>Dagens Nyheter den 25 januari 1972: \u201dVI HAR TIO \u00c5R P\u00c5 OSS ATT HEJDA KATASTROFEN\u201d. Detta h\u00e4vdade Maurice Strong, generalsekreterare f\u00f6r FN:s milj\u00f6konferens i Stockholm.<br \/>\nSom tankesmedjan Timbro skriver;<\/p>\n<blockquote><p>I FN-systemet har v\u00e4rldens underg\u00e5ng varit ett \u00e5terkommande tema sedan \u00e5tminstone 1972. Kanske ett effektivt s\u00e4tt att skapa st\u00f6d f\u00f6r organisationen?<\/p><\/blockquote>\n<p>1989 sa FN (Noel Brown); &#8221;<em><strong>Entire nations could be wiped off the face of the Earth by rising sea leves<\/strong> if the global warming trend is not reversed <strong>by the year 2 000<\/strong><\/em>&#8221; och (1989) &#8221;<em>Governments have a 10-year window of opportunity to solve the greenhouse effect<\/em>&#8221;.<\/p>\n<p>Sedan vad g\u00e4ller den temperatur\u00f6kning som anv\u00e4nds f\u00f6r att skr\u00e4mma vettet ur alla oinitierade s\u00e5 \u00e4r det tyv\u00e4rr fortfarande kontroversiellt att s\u00e4ga att det \u00e4r inget annat \u00e4n en stor bluff (\u00e4ven om det i sig \u00e4r korrekt att jordens medeltemperatur \u00f6kat en liten aning, vilket \u00e4r av naturliga sk\u00e4l) oavsett vilka fakta som finns. Det \u00e4r ett helt separat \u00e4mne s\u00e5 det ska inte f\u00f6rklaras h\u00e4r, men tv\u00e5 korta tips; 1. Temperaturer har endast m\u00e4tts de senaste 150 \u00e5ren. 2. Temperaturer har alltid varierat.<\/p>\n<p>Det st\u00e5r idag helt klart att FN:s p\u00e5st\u00e5enden aldrig kunnat bekr\u00e4ftas om att det r\u00e5der 100 procent visshet om vad som kommer h\u00e4nda i framtiden&#8230; \u00e4ven om tesen slagit rot i v\u00e4nstermedia att det r\u00e5der konsensus om klimatet bland forskarna (vilket faller redan p\u00e5 sin egen orimlighet).<\/p>\n<p><img class=\"aligncenter\" title=\"S+MP-regeringen l\u00e4gger stora pengar p\u00e5 klimat utan resultat och bist\u00e5nd, samtidig som folket (inte minst de som byggt upp landet, pension\u00e4rerna) f\u00e5r det allt s\u00e4mre. Bildk\u00e4lla: Steget efter\" src=\"https:\/\/hotpot.se\/politik\/wp-content\/uploads\/2019\/09\/regering_pengar_klimat_bistand.jpg\" alt=\"S+MP-regeringen l\u00e4gger stora pengar p\u00e5 klimat utan resultat och bist\u00e5nd, samtidig som folket (inte minst de som byggt upp landet, pension\u00e4rerna) f\u00e5r det allt s\u00e4mre\" \/><\/p>\n<h3>L\u00f6fven utlovar dubblering av bidrag till FN:s klimatorganisation<\/h3>\n<p>Stefan L\u00f6fven hyllade naturligtvis Greta och lovade &#8211; gener\u00f6s som han och S+MP-regeringen alltid \u00e4r med de svenska skattebetalarnas pengar till organisationer utomlands &#8211; att <strong>dubbla Sveriges bidrag till FN:s obskyra &#8221;<em>gr\u00f6na klimatfond<\/em>&#8221; <\/strong>(dvs GCF underordnad UNFCCC)<strong> till 8 miljarder kronor<\/strong> under perioden 2020-2023. Det inneb\u00e4r att svenska skattebetalare bidrar mest i v\u00e4rlden till denna fond (trots att vi \u00e4r bland de som sl\u00e4pper ut minst koldioxid\/f\u00f6roreningar):<br \/>\n<span style=\"color: #008000;\">\u2013 Greta Thunberg \u00e4r en oerh\u00f6rd inspirat\u00f6r. Hon utstr\u00e5lar s\u00e5dan styrka och hon samlar en hel ungdomsgeneration i den h\u00e4r fr\u00e5gan. Det \u00e4r precis det som beh\u00f6vs<span style=\"color: #000000;\">, sa Stefan L\u00f6fven.<\/span><br \/>\n<\/span><\/p>\n<p>Endast ett f\u00e5tal l\u00e4nder i v\u00e4rlden bidrar till GCF (<a href=\"https:\/\/www.greenclimate.fund\/documents\/20182\/24868\/Status_of_Pledges.pdf\/eef538d3-2987-4659-8c7c-5566ed6afd19\" target=\"_blank\" rel=\"noopener\">GCF<\/a> uppger att 48 av minst 195 l\u00e4nder bidrar, men plockar man bort struntsummorna s\u00e5 \u00e4r det bara ca 15 l\u00e4nder, varav 10 i Europa men mest bara Sverige, Norge, Tyskland, England och Frankrike);<br \/>\n\u2022 Tyskland, med drygt 8 g\u00e5nger s\u00e5 stor befolkning och avsev\u00e4rt mycket mer utsl\u00e4pp \u00e4n Sverige, \u00f6kar sitt bidrag till 16,4 miljarder kr.<br \/>\n\u2022 Kanada, med 37 miljoner inv\u00e5nare och ett av de v\u00e4stl\u00e4nder som sl\u00e4pper ut mest, \u00f6kar sitt bidrag till 2,2 miljarder kr.<\/p>\n<p>Genom att s\u00e4nka v\u00e4rmen p\u00e5 \u00e4ldreboendena i Sverige hoppas man tydligen kunna finansiera FN:s klimataktivister.<br \/>\nGreta Thunberg sa bl a i sitt FN-tal att v\u00e4rlden m\u00e5ste upph\u00f6ra med sin ekonomiska tillv\u00e4xt, trots att det \u00e4r motsatsen som kr\u00e4vs. Kraven p\u00e5 att skrota kapitalismen gagnar inget syfte. Politikernas skatteh\u00f6jningar och subventioner (t ex p\u00e5 elcyklar) l\u00f6ser inget utan bara skapar mis\u00e4r:<br \/>\n<iframe loading=\"lazy\" src=\"https:\/\/www.youtube.com\/embed\/SEjNVWV5jbs\" width=\"560\" height=\"315\" frameborder=\"0\" allowfullscreen=\"allowfullscreen\"><\/iframe><\/p>\n<p>Precis som f\u00f6r \u00f6vriga FN-organisationer verkar ingen veta vad pengarna anv\u00e4nds till (ut\u00f6ver ren administration). Inga resultat fr\u00e5n GCF kan redovisas.<\/p>\n<p><img class=\"aligncenter\" src=\"https:\/\/hotpot.se\/politik\/wp-content\/uploads\/2019\/09\/miljo_och_klimat_valjare.jpg\" alt=\"Milj\u00f6 och klimat tappar stort bland v\u00e4ljarna\" \/><br \/>\n<strong>&#8221;KLIMATF\u00d6R\u00c4NDRINGAR&#8221;<\/strong><br \/>\nF\u00f6rst varnades f\u00f6r den &#8221;<em>globala nedkylningen<\/em>&#8221; och den kommande istiden. N\u00e5gra decennier senare &#8211; efter att vintrarna blev varmare &#8211; var det ist\u00e4llet den &#8221;<em>globala uppv\u00e4rmningen<\/em>&#8221; som varnades f\u00f6r (istiden kommer i alla fall men den vill man inte prata om l\u00e4ngre). N\u00e4r man uppt\u00e4ckte att det inte gick att vetenskapligt verifiera att n\u00e5gon global uppv\u00e4rmning skapas av m\u00e4nniskan s\u00e5 \u00f6vergick varningarna i att f\u00f6rs\u00f6ka skr\u00e4mma upp oss med &#8221;<em>klimatf\u00f6r\u00e4ndringar<\/em>&#8221;. Detta namnbyte\u00a0 l\u00f6ste alla problem. S\u00e4rskilt f\u00f6r att lura l\u00e4gre utbildade som inte f\u00f6rst\u00e5r skillnaden mellan &#8221;<em>v\u00e4der<\/em>&#8221; och &#8221;<em>klimat<\/em>&#8221;.<\/p>\n<p>Ordet &#8221;<em>klimatf\u00f6r\u00e4ndringar<\/em>&#8221; funkar i alla l\u00e4gen eftersom s\u00e5v\u00e4l v\u00e4der som klimat f\u00f6r\u00e4ndras helt naturligt \u00f6ver tid. <strong>De positiva effekterna av klimatf\u00f6r\u00e4ndringarna<\/strong> f\u00e5r emellertid inte n\u00e4mnas och p\u00e5st\u00e5enden om h\u00f6jningar av havsniv\u00e5n \u00f6verdrivs in absurdum, utan att relatera till de samtidiga landh\u00f6jningarna.<\/p>\n<p><strong>DET VERKLIGA HOTET<br \/>\nDet stora hotet mot planeten (f\u00f6rutom religionens negativa inverkan) \u00e4r den kraftiga befolkningstillv\u00e4xten, inte minst den som kommer i Afrika<\/strong> (d\u00e4r <a href=\"https:\/\/www.dn.se\/ekonomi\/global-utveckling\/ny-prognos-vi-blir-13-miljarder-ar-2100\/\" target=\"_blank\" rel=\"noopener\">FN<\/a> prognostiserar att vi kan g\u00e5 fr\u00e5n dagens 7,7 miljarder m\u00e4nniskor till \u00f6ver <strong>13 miljarder m\u00e4nniskor<\/strong> i v\u00e4rlden redan \u00e5r 2 100, dvs en \u00f6kning med 1 miljard vart 16:e \u00e5r&#8230; trots att <a href=\"https:\/\/youtu.be\/2LyzBoHo5EI\" target=\"_blank\" rel=\"noopener\">Hans Rosling<\/a> h\u00e4vdade att det \u00e5r 2 100 blir 11 miljarder och inte kan bli fler).<\/p>\n<p>Allt annat bleknar i j\u00e4mf\u00f6relse med detta, och befolkningstillv\u00e4xten utanf\u00f6r v\u00e4stl\u00e4nderna kommer otvivelaktigt p\u00e5verka planeten kraftigt negativt. Det \u00e4r inget som l\u00f6ses med klimataktivism, utan kr\u00e4ver helt andra \u00e5tg\u00e4rder (men \u00e4r en alltf\u00f6r k\u00e4nslig fr\u00e5ga f\u00f6r media att ta upp).<\/p>\n<p>The Child Abuse Of Greta Thunberg:<br \/>\n<iframe loading=\"lazy\" src=\"https:\/\/www.youtube.com\/embed\/76LjhfI5ZaI\" width=\"560\" height=\"315\" frameborder=\"0\" allowfullscreen=\"allowfullscreen\"><\/iframe><\/p>\n<h3>Klimatprotest ej riktad till de som st\u00e5r f\u00f6r utsl\u00e4ppen<\/h3>\n<p>M\u00e5nga \u00e4r nu de klimatextremister som f\u00f6rs\u00f6ker dra nytta av medias uppm\u00e4rksamhet av Greta Thunberg. Alla vill hamna i rampljuset med henne. Till synes o\u00e4ndligt m\u00e5nga st\u00e5r nu i k\u00f6 f\u00f6r att p\u00e5 olika s\u00e4tt profitera p\u00e5 Greta Thunberg, och globalisterna gnuggar glatt sina h\u00e4nder.<\/p>\n<p><!--En helt ok\u00e4nd klimataktivist\/klimatjurist fr\u00e5n Brasilien (hennes namn verkar inte existera i text n\u00e5gonstans, men l\u00e5ter som \"Paloma Calza\", hennes engelska \u00e4r t\u00e4mligen sv\u00e5rbegriplig) har l\u00e5tit -->Greta Thunberg, och 14 andra barn mellan 8 och 17 \u00e5r, (fr\u00e5n Marshall Islands, USA, Indien, Nigeria, Sydafrika, Sverige, Palau, Brasilien, Argentina, Frankrike och Tyskland) har f\u00e5tt skriva under ett 96 sidor l\u00e5ngt klagom\u00e5l till FN:s barnr\u00e4ttskommitt\u00e9 (Committee on the Rights of the Child &#8211; OHCHR). Ingen av de som skrivit under l\u00e4r f\u00f6rst\u00e5 s\u00e4rskilt mycket av vad de skrivit under, och framf\u00f6r allt <strong>begriper ingen av barnen inneh\u00e5llet<\/strong>. Alla dessa barn enbart exploateras av andra.<\/p>\n<p>Klagom\u00e5let (&#8221;<a href=\"https:\/\/childrenvsclimatecrisis.org\/wp-content\/uploads\/2019\/09\/2019.09.23-CRC-communication-Sacchi-et-al-v.-Argentina-et-al-Redacted.pdf\" target=\"_blank\" rel=\"noopener\">Communication to the committee on the rights of the child<\/a>&#8221;) <strong>riktas till specifikt Tyskland (#7), Frankrike (#17), Turkiet (#19), Argentina (#23) och klimatjuristens hemland Brasilien (#6)<\/strong>, d\u00e4r siffrorna inom parentes \u00e4r vilken plats de ligger i listan \u00f6ver l\u00e4nder som sl\u00e4pper ut mest v\u00e4xthusgaser och d\u00e4r t ex Kina &#8211; som st\u00e5r f\u00f6r 28% av v\u00e4xthusgaserna samt \u00f6ver 33%, tillsammans med Indonesien, av plasten som sl\u00e4pps ut i haven &#8211; inte var med. De l\u00e4nder som st\u00e5r f\u00f6r det mesta av utsl\u00e4ppen \u00e4r allts\u00e5 inte med i klagom\u00e5let, t ex USA, Indien, Ryssland, Japan, Indonesien, etc. Var \u00e4r logiken i detta?<br \/>\n<img src=\"https:\/\/hotpot.se\/politik\/wp-content\/uploads\/2019\/09\/greta_thunberg_kritiserar_fel_lander.jpg\" alt=\"Varf\u00f6r kritiserar Greta Thunberg och andra klimatextremister Tyskland (#7), Frankrike (#17), Turkiet (#19), Argentina (#23) och Brasilien f\u00f6r sina CO2-uts\u00e4pp, och inte de stora CO2-utsl\u00e4ppsl\u00e4nderna, som Kina, USA och Indien?\" \/><br \/>\nFrankrikes president, Emmanuel Macron, har reagerat kraftigt mot Greta Thunberg och hoten om att st\u00e4mma Frankrike. Macron kallar Greta f\u00f6r radikal och s\u00e4ger att det \u00e4r antagonister som st\u00e5r bakom klagom\u00e5let.<\/p>\n<p>Som vanligt \u00e4r klagom\u00e5let baserat p\u00e5 FN:s barnkonvention. N\u00e4r man saknar sakliga argument kan man alltid v\u00e4nda och vrida p\u00e5 barnkonventionen s\u00e5 att den kan utnyttjas f\u00f6r sina syften. Enligt klagom\u00e5let inneb\u00e4r klimatf\u00f6r\u00e4ndringar att <strong>flera av barns grundl\u00e4ggande m\u00e4nskliga r\u00e4ttigheter kr\u00e4nkts<\/strong>, d\u00e4ribland &#8221;<em>r\u00e4tten till h\u00f6gsta m\u00f6jliga levnadsstandard<\/em>&#8221;.<\/p>\n<p>Givetvis \u00e5terkommer det klassiska floskelargumentet att ansvariga &#8221;<em>f\u00f6rnekar klimatvetenskap<\/em>&#8221;. Diskussionen handlar aldrig i sak om vilken &#8221;<em>klimatvetenskap<\/em>&#8221; och aldrig om vilka l\u00e4nder det verkligen \u00e4r som st\u00e5r f\u00f6r utsl\u00e4ppen. De vill t ex inte rikta n\u00e5gon kritik mot de 10 l\u00e4nder som st\u00e5r f\u00f6r 90% av <a title=\"Milj\u00f6partiets plastskatt f\u00f6r dem som inte sl\u00e4pper ut plast i haven (2019-09-20)\" href=\"https:\/\/hotpot.se\/politik\/miljopartiets-plastskatt-for-dem-som-inte-slapper-ut-plast-i-haven\/\" target=\"_blank\" rel=\"noopener\">f\u00f6roreningen av plast i haven<\/a>.<\/p>\n<p>Klimataktivisten\/klimatjuristen h\u00e4vdar bl a att de skogar som brunnit i Brasilien den senaste tiden (precis som de gjort varje \u00e5r tidigare) beror p\u00e5 &#8221;<em>klimatf\u00f6r\u00e4ndringar<\/em>&#8221;, trots att vetenskapligt st\u00f6d f\u00f6r detta saknas.<br \/>\n<a href=\"https:\/\/youtu.be\/1NiKvHmwdec\" target=\"_blank\" rel=\"noopener\"><img src=\"https:\/\/hotpot.se\/politik\/wp-content\/uploads\/2019\/09\/klimatprotest_fn.jpg\" alt=\"Klimatjurist\/klimataktivist i FN med Greta Thunberg\" \/><\/a><\/p>\n<p>De l\u00e4ttkr\u00e4nkta verkar aldrig ha problem att f\u00e5 medieutrymme, alldeles s\u00e4rskilt inte om de \u00e4r barn som inte kan argumenteras emot i sak:<br \/>\n<span style=\"color: #008000;\">\u2013 Alla nationer som har skrivit under barnkonventionen h\u00e5ller med om att det finns vissa okr\u00e4nkbara r\u00e4ttigheter f\u00f6r barn. D\u00e4rf\u00f6r l\u00e4mnar vi in det h\u00e4r klagom\u00e5let. <strong>Vi har f\u00e5tt v\u00e5ra r\u00e4ttigheter kr\u00e4nkta. V\u00e5r framtid blir f\u00f6rst\u00f6rd<\/strong>, s\u00e4ger milj\u00f6aktivisten Alexandria Villase\u00f1or.<\/span><\/p>\n<p>Sky News i Australien tycks vara det enda media i hela v\u00e4rlden som v\u00e5gar s\u00e4ga vad folket tycker:<br \/>\n<iframe loading=\"lazy\" src=\"https:\/\/www.youtube.com\/embed\/UDXKTXuM2TY\" width=\"560\" height=\"315\" frameborder=\"0\" allowfullscreen=\"allowfullscreen\"><\/iframe><\/p>\n<p>Australiska Sky News liknar exploateringen av Greta Thunberg vid barnmisshandel och kommenterar klimatl\u00f6gnerna. Den amerikanske demokraten och v\u00e4nsterextremisten Alexandria Ocasio-Cortez (&#8221;<a title=\"Se USA-demokraternas stj\u00e4rnskott Alexandria Ocasio-Cortez i AOC's Greatest Hits!\" href=\"https:\/\/www.youtube.com\/watch?v=OFwKTghsiD8\" target=\"_blank\" rel=\"noopener\">AOC<\/a>&#8221;) h\u00e4vdar i sin skr\u00e4mselpropaganda att <strong>jorden g\u00e5r under om 12 \u00e5r<\/strong> ifall vi inte adresserar &#8221;<em>klimatf\u00f6r\u00e4ndringarna<\/em>&#8221;. FN:s generalsekreterare och socialisten Ant\u00f3nio Guterres <strong>l\u00f6gner om stigande havsniv\u00e5er<\/strong> bevisas som de l\u00f6gner de \u00e4r:<br \/>\n<iframe loading=\"lazy\" src=\"https:\/\/www.youtube.com\/embed\/DticpNH3a2Q\" width=\"560\" height=\"315\" frameborder=\"0\" allowfullscreen=\"allowfullscreen\"><\/iframe><\/p>\n<p>&#8221;<em>The planet is getting hotter than my imaginary boyfriend<\/em>&#8221;:<br \/>\n<iframe loading=\"lazy\" src=\"https:\/\/www.youtube.com\/embed\/vYtPTt9fnzc\" width=\"560\" height=\"315\" frameborder=\"0\" allowfullscreen=\"allowfullscreen\"><\/iframe><\/p>\n<p>N\u00e5gra tr\u00f6stande ord till den klimat\u00e5ngestfyllda Greta fr\u00e5n n\u00e5gon med \u00e4kta empati som verkar bry sig mer om Greta \u00e4n hennes mamma:<br \/>\n<iframe loading=\"lazy\" src=\"https:\/\/www.youtube.com\/embed\/g9ZbSaL7JP0\" width=\"560\" height=\"315\" frameborder=\"0\" allowfullscreen=\"allowfullscreen\"><\/iframe><\/p>\n<p>Avslutningsvis en uppmaning i all v\u00e4lmening till Greta och hennes g\u00e4ng: Sn\u00e4lla, sluta att skr\u00e4mma vettet ur andra barn (och, Greta, om du vill ha tips och st\u00f6d &#8211; utanf\u00f6r offentlighetens ljus &#8211; p\u00e5 hur du ska agera i din &#8221;klimatkamp&#8221; f\u00f6r att uppn\u00e5 effekt s\u00e5 \u00e4r du varmt v\u00e4lkommen att kontakta denna sajt med en kommentar)!<br \/>\n<img class=\"aligncenter\" title=\"Greta Thunberg, klimataktivist, om 30 \u00e5r... 20 \u00e5r efter jordens underg\u00e5ng\" src=\"https:\/\/hotpot.se\/politik\/wp-content\/uploads\/2019\/09\/greta_thunberg_klimataktivist.jpg\" alt=\"Greta Thunberg, klimataktivist, om 30 \u00e5r\" \/><\/p>\n<p>En sak till. F\u00f6r alla okunniga och illitterata; Dinesh har sj\u00e4lvfallet inte refererat till Greta som nazist (s\u00e5 som v\u00e4nsterextremisterna g\u00f6r varje dag och i alla sammanhang om sina meningsmotst\u00e5ndare) eller ens j\u00e4mf\u00f6rt Greta med nazisterna. Disnesh bara p\u00e5pekade det uppenbara, dvs att organisationen bakom Greta f\u00f6rs\u00f6ker p\u00e5verka folket genom att <strong>marknadsf\u00f6ra sig och sina \u00e5sikter via barn<\/strong>, ist\u00e4llet f\u00f6r att sj\u00e4lva diskutera och h\u00e5lla sig till fakta, vilket ocks\u00e5 var en teknik som utnyttjades frekvent av national<strong>socialisterna<\/strong> i 30-talets Tyskland:<br \/>\n<img class=\"aligncenter\" src=\"https:\/\/hotpot.se\/politik\/wp-content\/uploads\/2019\/09\/greta_thunberg_dinesh_d_souza.jpg\" alt=\"Dinesh D\u00b4Souza j\u00e4mf\u00f6r inte Greta Thunberg med nazisterna, utan med det system organisationen bakom Greta anv\u00e4nder sig av!\" \/><\/p>\n<p>Se \u00e4ven bl a;<br \/>\n<a title=\"H\u00e4r avsl\u00f6jas TV4-nyheternas klimatpropaganda (2019-10-26)\" href=\"https:\/\/hotpot.se\/politik\/har-avslojas-tv4-nyheternas-klimatpropaganda\/\" target=\"_blank\" rel=\"noopener\"><strong>H\u00e4r avsl\u00f6jas TV4-nyheternas klimatpropaganda<\/strong><\/a><\/p>\n<p><a title=\"Expressen vill f\u00f6rl\u00f6jliga klimatrealister \u2013 Misslyckas! (2019-11-03)\" href=\"https:\/\/hotpot.se\/politik\/expressen-vill-forlojliga-klimatrealister-misslyckas\/\" target=\"_blank\" rel=\"noopener\"><strong>Expressen vill f\u00f6rl\u00f6jliga klimatrealister \u2013 Misslyckas!<\/strong><\/a><\/p>\n<p><a title=\"Klimatmodeller som politiska propagandaverktyg (2019-10-29)\" href=\"https:\/\/hotpot.se\/politik\/klimatmodeller-som-politiska-propagandaverktyg\/\" target=\"_blank\" rel=\"noopener\"><strong>Klimatmodeller som politiska propagandaverktyg<\/strong><\/a><\/p>\n<p><a title=\"Konsensus bland forskarna att m\u00e4nniskan orsakar klimatf\u00f6r\u00e4ndringar? (2019-10-31)\" href=\"https:\/\/hotpot.se\/politik\/konsensus-bland-forskarna-att-manniskan-orsakar-klimatforandringar\/\" target=\"_blank\" rel=\"noopener\"><strong>Konsensus bland forskarna att m\u00e4nniskan orsakar klimatf\u00f6r\u00e4ndringar?<\/strong><\/a><\/p>\n<hr width=\"100\" \/>\n<p><a title=\"500 forskare informerar FN att Greta Thunberg har fel om klimatet (2019-09-29)\" href=\"https:\/\/hotpot.se\/politik\/500-forskare-informerar-fn-att-greta-thunberg-har-fel-om-klimatet\/\" target=\"_blank\" rel=\"noopener\"><strong>500 forskare informerar FN att Greta Thunberg har fel om klimatet<\/strong><\/a><\/p>\n<p><a title=\"31 487 vetenskapsm\u00e4n dementerar global uppv\u00e4rmning (2019-10-15)\" href=\"https:\/\/hotpot.se\/politik\/31-487-vetenskapsman-dementerar-global-uppvarmning\/\" target=\"_blank\" rel=\"noopener\"><strong>31 487 vetenskapsm\u00e4n dementerar global uppv\u00e4rmning<\/strong><\/a><\/p>\n<p><a title=\"171 'forskare' kr\u00e4ver att Sverige ska vara ledande i klimathysterin (2019-10-10)\" href=\"https:\/\/hotpot.se\/politik\/171-forskare-kraver-att-sverige-ska-vara-ledande-i-klimathysterin\/\" target=\"_blank\" rel=\"noopener\"><strong>171 \u201dforskare\u201d kr\u00e4ver att Sverige ska vara ledande i klimathysterin<\/strong><\/a><\/p>\n<p><a title=\"190 forskare uppmanar till civil olydnad enligt Extinction Rebellion \u2013 Lista med namn (2019-10-16)\" href=\"https:\/\/hotpot.se\/politik\/190-forskare-uppmanar-till-civil-olydnad-enligt-extinction-rebellion-lista-med-namn\/\" target=\"_blank\" rel=\"noopener\"><strong>190 (eller 1 000?) forskare uppmanar till civil olydnad enligt Extinction Rebellion \u2013 Lista med namn<\/strong><\/a><\/p>\n<p><a title=\"Extinction Rebellion: 21 000 forskare h\u00e4vdar att jorden g\u00e5r under pga klimatet (2019-10-16)\" href=\"https:\/\/hotpot.se\/politik\/extinction-rebellion-21-000-forskare-havdar-att-jorden-gar-under-pga-klimatet\/\" target=\"_blank\" rel=\"noopener\"><strong>Extinction Rebellion: 21 000 forskare h\u00e4vdar att jorden g\u00e5r under pga klimatet<\/strong><\/a><\/p>\n<hr width=\"100\" \/>\n<p><a title=\"Greta Thunberg \u2013 Silkesvantar av (2019-10-05)\" href=\"https:\/\/hotpot.se\/politik\/greta-thunberg-silkesvantar-av\/\" target=\"_blank\" rel=\"noopener\"><strong>Greta Thunberg \u2013 Silkesvantar av<\/strong><\/a><\/p>\n<p><a title=\"Analys av Greta Thunbergs fatalistiska tal \u2013 Jordens underg\u00e5ng 2030? (2019-10-04)\" href=\"https:\/\/hotpot.se\/politik\/analys-av-greta-thunbergs-fatalistiska-tal-jordens-undergang-2030\/\" target=\"_blank\" rel=\"noopener\"><strong>Analys av Greta Thunbergs fatalistiska tal \u2013 Jordens underg\u00e5ng 2030?<\/strong><\/a><\/p>\n<p><a title=\"Greta\/klimataktivister kan inte skilja mellan klimat, v\u00e4der och milj\u00f6 (2019-10-07)\" href=\"https:\/\/hotpot.se\/politik\/greta-klimataktivister-kan-inte-skilja-mellan-klimat-vader-och-miljo\/\" target=\"_blank\" rel=\"noopener\"><strong>Greta\/klimataktivister kan inte skilja mellan klimat, v\u00e4der och milj\u00f6<\/strong><\/a><\/p>\n<p><a title=\"Greta Thunberg m\u00f6ter motst\u00e5nd i Kanada \u2013 Avsl\u00f6jande om Gretas Tesla (2019-10-20)\" href=\"https:\/\/hotpot.se\/politik\/greta-thunberg-moter-motstand-i-kanada-avslojande-om-gretas-tesla\/\" target=\"_blank\" rel=\"noopener\"><strong>Greta Thunberg m\u00f6ter motst\u00e5nd i Kanada \u2013 Avsl\u00f6jande om Gretas Tesla<\/strong><\/a><\/p>\n<p><a title=\"Klimatsp\u00e5domar innan Greta Thunberg om jordens underg\u00e5ng (2019-10-12)\" href=\"https:\/\/hotpot.se\/politik\/klimatspadomar-innan-greta-thunberg-om-jordens-undergang\/\" target=\"_blank\" rel=\"noopener\"><strong>Klimatsp\u00e5domar innan Greta Thunberg om jordens underg\u00e5ng<\/strong><\/a><\/p>\n<p><a title=\"Greta Thunbergs klimatstrejkande v\u00e4nner har n\u00e5got gemensamt (2019-10-02)\" href=\"https:\/\/hotpot.se\/politik\/greta-thunbergs-klimatstrejkande-vanner-har-nagot-gemensamt\/\" target=\"_blank\" rel=\"noopener\"><strong>Greta Thunbergs klimatstrejkande v\u00e4nner har n\u00e5got gemensamt<\/strong><\/a><\/p>\n<p><a title=\"Greta Thunbergs anh\u00e4ngare Extinction Rebellion vill skapa kaos (2019-10-14)\" href=\"https:\/\/hotpot.se\/politik\/greta-thunbergs-anhangare-extinction-rebellion-vill-skapa-kaos\/\" target=\"_blank\" rel=\"noopener\"><strong>Greta Thunbergs anh\u00e4ngare Extinction Rebellion vill skapa kaos<\/strong><\/a><\/p>\n<p><a title=\"Extinction Rebellion \u2013 En subversiv religi\u00f6s klimatsekt (2019-10-15)\" href=\"https:\/\/hotpot.se\/politik\/extinction-rebellion-en-subversiv-religios-klimatsekt\/\" target=\"_blank\" rel=\"noopener\"><strong>Extinction Rebellion \u2013 En subversiv religi\u00f6s klimatsekt<\/strong><\/a><\/p>\n<p><a title=\"Anarkisterna i Extinction Rebellion st\u00f6rs ut (2019-10-18)\" href=\"https:\/\/hotpot.se\/politik\/anarkisterna-i-extinction-rebellion-stors-ut\/\" target=\"_blank\" rel=\"noopener\">Anarkisterna i Extinction Rebellion st\u00f6rs ut \ud83d\ude42<\/a><\/p>\n<p><a title=\"Motst\u00e5ndet mot klimatextremisterna i Extinction Rebellion v\u00e4xer (2019-10-19)\" href=\"https:\/\/hotpot.se\/politik\/motstandet-mot-klimatextremisterna-i-extinction-rebellion-vaxer\/\" target=\"_blank\" rel=\"noopener\">Motst\u00e5ndet mot klimatextremisterna i Extinction Rebellion v\u00e4xer<\/a><\/p>\n<p><a title=\"En starstruck Schwarzenegger h\u00f6g n\u00e4r han pratar om Greta Thunberg (2019-10-09)\" href=\"https:\/\/hotpot.se\/politik\/en-starstruck-schwarzenegger-hog-nar-han-pratar-om-greta-thunberg\/\" target=\"_blank\" rel=\"noopener\"><strong>En starstruck Schwarzenegger h\u00f6g n\u00e4r han pratar om Greta Thunberg<\/strong><\/a><\/p>\n<p><a title=\"Alternativa nobelpriset g\u00e5r till\u2026 Greta Thunberg (2019-09-28)\" href=\"https:\/\/hotpot.se\/politik\/alternativa-nobelpriset-gar-till-greta-thunberg\/\" target=\"_blank\" rel=\"noopener\"><strong>Alternativa nobelpriset g\u00e5r till\u2026 Greta Thunberg<\/strong><\/a><\/p>\n<p><a title=\"Vad \u00e4r st\u00f6dnumret till klimataktivisternas hj\u00e4lplinje? (2019-09-30)\" href=\"https:\/\/hotpot.se\/politik\/vad-ar-stodnumret-till-klimataktivisternas-hjalplinje\/\" target=\"_blank\" rel=\"noopener\">Vad \u00e4r st\u00f6dnumret till klimataktivisternas hj\u00e4lplinje?<\/a><\/p>\n<p><a title=\"Greta Thunberg s\u00e4ger att hennes strategi \u00e4r att skuldbel\u00e4gga andra (2019-10-21)\" href=\"https:\/\/hotpot.se\/politik\/greta-thunberg-sager-att-hennes-strategi-ar-att-skuldbelagga-andra\/\" target=\"_blank\" rel=\"noopener\"><strong>Greta Thunberg s\u00e4ger att hennes strategi \u00e4r att skuldbel\u00e4gga andra<\/strong><\/a><\/p>\n<p><a title=\"UNICEF och media uts\u00e4tter Greta Thunberg f\u00f6r barnmisshandel (2019-09-28)\" href=\"https:\/\/hotpot.se\/politik\/unicef-och-media-utsatter-greta-thunberg-for-barnmisshandel\/\" target=\"_blank\" rel=\"noopener\"><strong>UNICEF och media uts\u00e4tter Greta Thunberg f\u00f6r barnmisshandel<\/strong><\/a><\/p>\n<hr width=\"100\" \/>\n<p><a title=\"Har Milj\u00f6partiet, Greta och Public Service r\u00e4tt fokus? (2019-09-10)\" href=\"https:\/\/hotpot.se\/politik\/har-miljopartiet-greta-och-public-service-ratt-fokus\/\" target=\"_blank\" rel=\"noopener\"><strong>Har Milj\u00f6partiet, Greta och Public Service r\u00e4tt fokus?<\/strong><\/a><\/p>\n<p><a title=\"Milj\u00f6partiets plastskatt f\u00f6r dem som inte sl\u00e4pper ut plast i haven (2019-09-20)\" href=\"https:\/\/hotpot.se\/politik\/miljopartiets-plastskatt-for-dem-som-inte-slapper-ut-plast-i-haven\/\" target=\"_blank\" rel=\"noopener\">Milj\u00f6partiets plastskatt f\u00f6r dem som inte sl\u00e4pper ut plast i haven<\/a><\/p>\n<p><a title=\"Fatemeh Khavari s\u00f6ker desperat efter publicitet (2018-08-23)\" href=\"https:\/\/hotpot.se\/politik\/fatemeh-khavari-soker-desperat-efter-publicitet\/\" target=\"_blank\" rel=\"noopener\">Fatemeh Khavari s\u00f6ker desperat efter publicitet<\/a><\/p>\n<hr \/>\n<p><a title=\"Medias p\u00e5verkan \u2013 Ett demokratiskt problem (2015-01-04)\" href=\"https:\/\/hotpot.se\/politik\/medias-paverkan-ett-demokratiskt-problem-2\/\" target=\"_blank\" rel=\"noopener\">Medias p\u00e5verkan \u2013 Ett demokratiskt problem<\/a> &#8211; <strong>52% p\u00e5 SVT r\u00f6star p\u00e5 Milj\u00f6partiet<\/strong><\/p>\n<p><a title=\"Public Service beskriver partiskt att media \u00e4r opartisk (2016-10-19)\" href=\"https:\/\/hotpot.se\/politik\/public-service-beskriver-partiskt-att-media-ar-opartisk\/\" target=\"_blank\" rel=\"noopener\">Public Service beskriver partiskt att media \u00e4r opartisk<\/a><\/p>\n<p><a title=\"Avsl\u00f6jande om SVT:s unders\u00f6kning av anst\u00e4lldas partisympatier (2016-10-30)\" href=\"https:\/\/hotpot.se\/politik\/avslojande-om-svts-undersokning-av-anstalldas-partisympatier\/\" target=\"_blank\" rel=\"noopener\">Avsl\u00f6jande om SVT:s unders\u00f6kning av anst\u00e4lldas partisympatier<\/a><\/p>\n<p><a title=\"58% av svenskarna vill ha minskad invandring \u2013 MP-v\u00e4ljare avviker (2015-05-29)\" href=\"https:\/\/hotpot.se\/politik\/58-av-svenskarna-vill-ha-minskad-invandring-mp-valjare-avviker\/\" target=\"_blank\" rel=\"noopener\">80% av de journalister i all media som bevakar politik och samh\u00e4lle \u00e4r v\u00e4nstersympatis\u00f6rer! Varav 46% MP<\/a><\/p>\n<hr \/>\n<p><a title=\"Varning f\u00f6r Milj\u00f6partiet (2018-09-27)\" href=\"https:\/\/hotpot.se\/politik\/varning-for-miljopartiet\/\" target=\"_blank\" rel=\"noopener\">Varning f\u00f6r Milj\u00f6partiet<\/a><\/p>\n<hr \/>\n<p><a title=\"\u00d6verenskommelse mellan S, MP, C och L \u2013 Alla 73 punkter (2019-01-12)\" href=\"https:\/\/hotpot.se\/politik\/overenskommelse-mellan-s-mp-c-och-l-alla-73-punkter\/\" target=\"_blank\" rel=\"noopener\">\u00d6verenskommelse mellan S, MP, C och L \u2013 Alla 73 punkter<\/a><\/p>\n<hr \/>\n<p><strong><a title=\"Endast tv\u00e5 procent av folket vill att regeringen sitter kvar (2018-09-15)\" href=\"https:\/\/hotpot.se\/politik\/endast-tva-procent-av-folket-vill-att-regeringen-sitter-kvar\/\" target=\"_blank\" rel=\"noopener\">Endast tv\u00e5 procent av folket vill att regeringen sitter kvar<\/a><\/strong> &#8211; 2018<\/p>\n<p><a title=\"Novus: Rekordl\u00e5gt f\u00f6rtroende f\u00f6r L\u00f6fven och Sveriges styrande politiker (2017-02-13)\" href=\"https:\/\/hotpot.se\/politik\/novus-rekordlagt-fortroende-for-lofven-och-sveriges-styrande-politiker\/\" target=\"_blank\" rel=\"noopener\">Novus: Rekordl\u00e5gt f\u00f6rtroende f\u00f6r L\u00f6fven och Sveriges styrande politiker<\/a> &#8211; 2017<\/p>\n<p><a title=\"Inget f\u00f6rtroende f\u00f6r Stefan L\u00f6fven och S+MP-regeringen bland svenska folket (2015-10-26)\" href=\"https:\/\/hotpot.se\/politik\/inget-fortroende-for-stefan-lofven-och-smp-regeringen-bland-svenska-folket\/\" target=\"_blank\" rel=\"noopener\">Inget f\u00f6rtroende f\u00f6r Stefan L\u00f6fven och S+MP-regeringen bland svenska folket<\/a> &#8211; 2015<\/p>\n<p><a title=\"98 % av Sverige ogillar S+MP (2015-01-05)\" href=\"https:\/\/hotpot.se\/politik\/98-av-sverige-ogillar-smp\/\" target=\"_blank\" rel=\"noopener\"><strong>98 % av Sverige ogillar S+MP<\/strong><\/a> -2015<\/p>\n<hr \/>\n<p><a title=\"S, MP, C, L har flest verklighetsfr\u00e5nv\u00e4nda v\u00e4ljare (2019-09-14)\" href=\"https:\/\/hotpot.se\/politik\/s-mp-c-l-har-flest-verklighetsfranvanda-valjare\/\" target=\"_blank\" rel=\"noopener\">S, MP, C, L har flest verklighetsfr\u00e5nv\u00e4nda v\u00e4ljare<\/a><\/p>\n<p><a title=\"L\u00e5g- och outbildade r\u00f6star r\u00f6tt (2018-09-13)\" href=\"https:\/\/hotpot.se\/politik\/lag-och-outbildade-rostar-rott\/\" target=\"_blank\" rel=\"noopener\">L\u00e5g- och outbildade r\u00f6star r\u00f6tt<\/a><\/p>\n<hr \/>\n<p>F\u00f6r sidor om media, asylpolitik och integration se <a style=\"color: #008000;\" title=\"Medias makt, asylpolitik, migration och integration. Klicka h\u00e4r f\u00f6r att lista alla sidor om Sveriges invandringspolitik och medias monopol\" href=\"https:\/\/hotpot.se\/politik\/hotpot_politik_titlar_migration.htm\" target=\"_blank\" rel=\"noopener noreferrer\">inneh\u00e5llsregistret<\/a>.<br \/>\n<a href=\"https:\/\/hotpot.se\/politik\/Alternativa_sajter.htm\" target=\"_blank\" rel=\"noopener\">Lista \u00f6ver alternativa k\u00e4llor<\/a><\/p>\n<style>.fb_iframe_widget span{width:460px !important;} .fb_iframe_widget iframe {margin: 0 !important;}        .fb_edge_comment_widget { display: none !important; }<\/style><div style=\"width:100%; text-align:left\"><div class=\"fb-like\" style=\"width:65px; overflow: hidden !important; \" data-href=\"https:\/\/hotpot.se\/politik\/fn-anlitar-ater-barnarbetare-greta-brittany-och-severn-suzuki\/\" data-size=\"small\" data-colorscheme=\"dark\" data-width=\"65\" data-layout=\"box_count\" data-action=\"like\" data-show-faces=\"true\" data-share=\"true\" kid_directed_site=\"false\"><\/div><\/div>\n","protected":false},"excerpt":{"rendered":"<p>Det framg\u00e5r tydligt f\u00f6r alla och envar att klimataktivisten Greta Thunbergs alarmistiska, teatraliska, \u00f6verdramatiska, fatalistiska och populistiska tal i FN (klimatm\u00f6tet &#8221;Climate Action Summit&#8221;) inf\u00f6r en mycket liten skara v\u00e4rldsledare (varav ingen syntes i bild, f\u00f6rutom Donald Trump) var v\u00e4lregisserat av den hemliga organisation som st\u00e5r bakom henne och som skriver hennes manuskript. Vi f\u00e5r &hellip; <a href=\"https:\/\/hotpot.se\/politik\/fn-anlitar-ater-barnarbetare-greta-brittany-och-severn-suzuki\/\" class=\"more-link\">Forts\u00e4tt l\u00e4sa <span class=\"screen-reader-text\">FN anlitar \u00e5ter barnarbetare; Greta, Brittany och Severn Suzuki<\/span><\/a><\/p>\n","protected":false},"author":2,"featured_media":0,"comment_status":"open","ping_status":"open","sticky":false,"template":"","format":"standard","meta":[],"categories":[172],"tags":[1602,1576,1570,1603,743,1573,1474,1491,1070,1593,1470,1583,1529,1492,914,1572,218,741],"_links":{"self":[{"href":"https:\/\/hotpot.se\/politik\/wp-json\/wp\/v2\/posts\/35291"}],"collection":[{"href":"https:\/\/hotpot.se\/politik\/wp-json\/wp\/v2\/posts"}],"about":[{"href":"https:\/\/hotpot.se\/politik\/wp-json\/wp\/v2\/types\/post"}],"author":[{"embeddable":true,"href":"https:\/\/hotpot.se\/politik\/wp-json\/wp\/v2\/users\/2"}],"replies":[{"embeddable":true,"href":"https:\/\/hotpot.se\/politik\/wp-json\/wp\/v2\/comments?post=35291"}],"version-history":[{"count":3,"href":"https:\/\/hotpot.se\/politik\/wp-json\/wp\/v2\/posts\/35291\/revisions"}],"predecessor-version":[{"id":38544,"href":"https:\/\/hotpot.se\/politik\/wp-json\/wp\/v2\/posts\/35291\/revisions\/38544"}],"wp:attachment":[{"href":"https:\/\/hotpot.se\/politik\/wp-json\/wp\/v2\/media?parent=35291"}],"wp:term":[{"taxonomy":"category","embeddable":true,"href":"https:\/\/hotpot.se\/politik\/wp-json\/wp\/v2\/categories?post=35291"},{"taxonomy":"post_tag","embeddable":true,"href":"https:\/\/hotpot.se\/politik\/wp-json\/wp\/v2\/tags?post=35291"}],"curies":[{"name":"wp","href":"https:\/\/api.w.org\/{rel}","templated":true}]}}