{"id":19165,"date":"2016-11-03T12:21:23","date_gmt":"2016-11-03T10:21:23","guid":{"rendered":"http:\/\/hotpot.se\/politik\/?p=19165"},"modified":"2017-08-16T23:43:26","modified_gmt":"2017-08-16T21:43:26","slug":"kand-prast-atalad-for-haleri-i-samband-med-eu-migranters-stoldturne","status":"publish","type":"post","link":"https:\/\/hotpot.se\/politik\/kand-prast-atalad-for-haleri-i-samband-med-eu-migranters-stoldturne\/","title":{"rendered":"K\u00e4nd pr\u00e4st \u00e5talad f\u00f6r h\u00e4leri i samband med EU-migranters st\u00f6ldturn\u00e9"},"content":{"rendered":"<p>En svensk pr\u00e4st och tre rum\u00e4nska medborgare \u00e5talas vid Kalmar tingsr\u00e4tt f\u00f6r h\u00e4leri och st\u00f6lder.<\/p>\n<p>Red&#8217;s kom:<br \/>\n<span style=\"color: #993366;\">Med &#8221;<em>tre rum\u00e4nska medborgare<\/em>&#8221; \u00e5syftas allts\u00e5 EU-migranter som bl a bott i det med kommunala medel finansierade tiggarl\u00e4gret Salve, utanf\u00f6r Kalmar.<\/span><\/p>\n<p><span style=\"color: #000000;\">Pr\u00e4sten \u00e4r fr\u00e5n mellersta Sverige och har jobbat som hj\u00e4lparbetare bland romer. Han \u00e5talas f\u00f6r h\u00e4leri.<\/span><\/p>\n<p>Red&#8217;s kom:<br \/>\n<span style=\"color: #993366;\">Pr\u00e4sten och v\u00e4nsterpartisten Kjell Wiklund &#8211; k\u00e4nd f\u00f6r att ha undanh\u00e5llit personer som olagligen vistades i Sverige och skulle utvisas &#8211; har tidigare sagt bl a;<\/span><br \/>\n&#8221;<em>Jag har medverkat till att asyls\u00f6kande har g\u00f6mt sig. I slutet av 70-talet samarbetade jag med Kjell Granroth kring n\u00e5gra flyktingar som ville h\u00e5lla sig undan. Vi var g\u00f6mmare, kan man s\u00e4ga.<\/em>&#8221;<\/p>\n<p><span style=\"color: #993366;\">P\u00e5 senare \u00e5r har han &#8211; bl a i samarbete med EUM &#8211; verkat f\u00f6r att EU-migranter som olagligen vistas i Sverige ska f\u00e5 gratis boende och mat p\u00e5 skattebetalarnas bekostnad.<\/span><\/p>\n<p><span style=\"color: #993366;\">2015-10-20 skrev<\/span> <a href=\"http:\/\/www.sn.se\/nyheter\/nykoping\/1.3532563-annu-inget-harbarge-for-migranter\" target=\"_blank\">SN<\/a> <span style=\"color: #993366;\">om att Kjell Wiklund hade 11 EU-migranter som bodde i hans tv\u00e5rummare.<\/span><\/p>\n<p><span style=\"color: #993366;\">2016-11-02 skriver S\u00f6dermanlands Nyheter:<\/span><br \/>\n&#8221;<em>Kjell Wiklund \u00e5talas f\u00f6r h\u00e4leri \u2013 inneboende misst\u00e4nks ha g\u00f6mt st\u00f6ldgods i pr\u00e4stens f\u00f6rr\u00e5d<\/em><br \/>\n<em> Pr\u00e4sten Kjell Wiklund \u00e5talas f\u00f6r h\u00e4leri. En inneboende person misst\u00e4nks ha lagt st\u00f6ldgods i ett av Wiklunds f\u00f6rr\u00e5d p\u00e5 g\u00e5rden i Tystberga. I dag, onsdag, ska den v\u00e4lk\u00e4nde Nyk\u00f6pingspr\u00e4sten f\u00f6rh\u00f6ras av Kalmar tingsr\u00e4tt.<\/em>&#8221;<\/p>\n<h3>Pr\u00e4st och V\u00e4nsterpartist<\/h3>\n<p>Den \u00e5talade pr\u00e4sten, som ocks\u00e5 \u00e4r partipolitiskt engagerad, har arbetat med romer under flera \u00e5r och ocks\u00e5 skrivit flera debattartiklar.<\/p>\n<p>Red&#8217;s kom:<br \/>\n<span style=\"color: #993366;\">Kjell Wiklund sitter f\u00f6r V\u00e4nsterpartiet som ers\u00e4ttare i tv\u00e5 f\u00f6rvaltningar i Timr\u00e5 kommun, milj\u00f6- och bygg, samt kultur och teknik.<\/span><\/p>\n<h3>\u00c5talats f\u00f6r att ha uppl\u00e5tit f\u00f6rvaring av st\u00f6ldgods<\/h3>\n<p>Enligt \u00e5talet ska han ha beg\u00e5tt h\u00e4leri genom att ha l\u00e5tit en 24-\u00e5rig rum\u00e4nsk man f\u00f6rvara uppenbart st\u00f6ldgods hos honom. Det handlar bland annat om en dyrbar skruvdragare, samt lampor och mikrofoner och andra objekt som stulits fr\u00e5n Tystberga bygdeg\u00e5rd och Farmartj\u00e4nst i Nyk\u00f6pingstrakten.<\/p>\n<p>Den misst\u00e4nkte pr\u00e4sten uppl\u00e4t ett f\u00f6rr\u00e5d som tillh\u00f6rde honom d\u00e4r st\u00f6ldgodset fanns n\u00e4r polisen gjorde en husrannsakan.<\/p>\n<p>Enligt \u00e5talet handlade det inte om ett misstag fr\u00e5n pr\u00e4stens sida utan gjordes med upps\u00e5t och f\u00f6r att f\u00f6rsv\u00e5ra f\u00f6r \u00e4garna att f\u00e5 tillbaka det stulna.<\/p>\n<p>Red&#8217;s kom:<br \/>\n<span style=\"color: #993366;\">Pr\u00e4sten har ett sommarst\u00e4lle i Tystberga och i \u00e5talet st\u00e5r det bl a;<\/span><br \/>\n&#8221;<span style=\"color: #333399;\"><em>Kjell Wiklund har p\u00e5 annat s\u00e4tt tagit befattning med och l\u00e5tit P. Caldarar f\u00f6rvara uppenbart st\u00f6ldgods, d\u00e4ribland en skruvdragare av m\u00e4rke Makita stulen mellan den 1 oktober 2015 och den 15 januari 2016&#8230; Nyk\u00f6pings kommun. Led-lampor och mikrofoner stulna fr\u00e5n <strong>Tystberga Bygdeg\u00e5rd<\/strong> mellan den 1 januari och den 28 februari 2016 och en motors\u00e5g samt andra verktyg stulna mellan den 1 och 11 september 2016&#8230; samt diverse annat gods&#8230; Det kan sk\u00e4ligen antas att godset var fr\u00e5nh\u00e4nt n\u00e5gon genom ett brott och <strong>i vart fall hade Kjell Wiklund sk\u00e4lig anledning att anta att brott f\u00f6rel\u00e5g<\/strong>. K\u00f6pet kunde f\u00f6rv\u00e4ntas g\u00f6ra det sv\u00e5rare f\u00f6r \u00e4garen att f\u00e5 tillbaka st\u00f6ldgodset.<\/em><\/span><\/p>\n<p><span style=\"color: #333399;\"><em>Kjell Wiklund begick g\u00e4rningen i \u00f6vrigt med upps\u00e5t.<\/em><\/span><\/p>\n<p><em><span style=\"color: #333399;\">Lagrum: 9 kap 7 \u00a7 2 s 2 p brottsbalken<\/span><\/em>&#8221;<\/p>\n<p><span style=\"color: #993366;\">F\u00f6r att styrka \u00e5talet om h\u00e4leri bifogas Kjell Wiklunds telefonsvararmeddelande och e-post.<\/span><\/p>\n<h3>De tre EU-migranterna greps vid det skattefinansierade tiggarl\u00e4gret i Salve<\/h3>\n<p>De tre rum\u00e4nska medborgarna greps av polisen i anslutning till Salvel\u00e4gret utanf\u00f6r Kalmar i mitten av september.<\/p>\n<p>Red&#8217;s kom:<br \/>\n<span style=\"color: #993366;\">Tyv\u00e4rr leder dessa bos\u00e4ttningar som skattebetalarna st\u00e5r f\u00f6r till att den brottsliga verksamheten bland EU-migranterna blir allt mer organiserad. Med andra ord s\u00e5 finansierar kommunerna den brottsliga verksamheten i sina f\u00f6rs\u00f6k att slippa ta ansvar f\u00f6r de medborgare de har skyldighet enligt lag att v\u00e4rna om.<\/span><\/p>\n<h3>Omfattande st\u00f6ldturn\u00e9er och hantering av st\u00f6ldgods<\/h3>\n<p>De misst\u00e4nks f\u00f6r omfattande st\u00f6ldturn\u00e9er och hantering av st\u00f6ldgods i mellersta Sverige. De \u00e5talas f\u00f6r s\u00e5v\u00e4l st\u00f6lder som h\u00e4leri.<\/p>\n<h3>Stulit dyra cyklar, gr\u00e4sklippare, motors\u00e5g, vinkelslip, kablar och kopparr\u00f6r under sin olagliga vistelse i Sverige<\/h3>\n<p>I deras bilar och sk\u00e5pbil hittade polisen m\u00e4ngder med misst\u00e4nkt st\u00f6ldgods. I f\u00f6rsta hand tycks m\u00e4nnen ha specialiserat sig p\u00e5 att plocka med sig dyra cyklar. Men listan p\u00e5 objekt \u00e4r mycket l\u00e5ng.<\/p>\n<p>Det handlar om flera cyklar, gr\u00e4sklippare, motors\u00e5g, vinkelslip, kablar och kopparr\u00f6r i m\u00e4ngder.<\/p>\n<p><strong>De misst\u00e4nkta st\u00f6lderna omfattar en stor m\u00e4ngd byggverktyg.<\/strong><\/p>\n<p><span style=\"color: #993366;\">Se \u00e4ven:<\/span> <a title=\"19 kommuner med EU-migranter som tvingas att tigga - Kalla Fakta avsl\u00f6jar\" href=\"https:\/\/hotpot.se\/politik\/19-kommuner-med-eu-migranter-som-tvingas-att-tigga-kalla-fakta-avslojar\/\" target=\"_blank\">Kalla Fakta: Stulna cyklar fraktas med buss till Rum\u00e4nien<\/a><\/p>\n<h3>St\u00f6ldgods har fraktats vidare till Polen<\/h3>\n<p>Enligt polisen har m\u00e4nnen under sina st\u00f6ldturn\u00e9er plockat p\u00e5 sig m\u00e4ngder med gods som de sedan tagit \u00f6ver till Polen via f\u00e4rjan. Det mesta tyder p\u00e5 att flera s\u00e5dana turer gjorts.<\/p>\n<p>De f\u00f6rsta dokumenterade st\u00f6lderna ska ha gjorts i b\u00f6rjan av \u00e5ret. De sista i september.<\/p>\n<p>\u00c4ven polsk polis har varit med i utredningen.<\/p>\n<h3>Endast en av de \u00e5talade medger brott, men inte f\u00f6r alla \u00e5talspunkter<\/h3>\n<p>De \u00e5talade f\u00f6rnekar brott. Undantaget \u00e4r en av m\u00e4nnen som \u00e5talas f\u00f6r st\u00f6lder, han medger en del av det som lagts honom till last.<\/p>\n<h3>\u00c5klagare yrkar p\u00e5 utvisning f\u00f6r de tre EU-migranterna<\/h3>\n<p>\u00c5klagaren yrkar att de tre rum\u00e4nska medborgarna utvisas och f\u00f6rbjuds att \u00e5terv\u00e4nda till Sverige under fem \u00e5r.<\/p>\n<p>Red&#8217;s kom:<br \/>\n<strong><span style=\"color: #993366;\">BROTT UTAN STRAFF<\/span><\/strong><br \/>\n<span style=\"color: #993366;\"> Det \u00e4r nog inte riktigt sant. Enligt Barometern yrkar \u00e5klagaren \u00e4ven p\u00e5 <strong>f\u00e4ngelse<\/strong> f\u00f6r EU-migranterna. Men om resultatet blir f\u00e4ngelse s\u00e5 l\u00e4r de snart vara ute igen.<\/span><br \/>\n<span style=\"color: #993366;\"> Om EU-migranterna \u00f6verhuvudtaget l\u00e4mnar landet s\u00e5 kan de ta sig tillbaka till Sverige n\u00e4sta dag f\u00f6r att lugnt forts\u00e4tta med sina st\u00f6ldturn\u00e9er. S\u00e4rskilt om de inre gr\u00e4nskontrollerna tas bort.<\/span><\/p>\n<p>\u00c5klagaren yrkar p\u00e5 villkorlig dom med b\u00f6ter och samh\u00e4llstj\u00e4nst f\u00f6r pr\u00e4sten Kjell Wiklund.<\/p>\n<p>R\u00e4tteg\u00e5ngen ber\u00e4knas ta 1,5 dagar och kommer att genomf\u00f6ras med hj\u00e4lp av tolk.<a title=\"Klicka h\u00e4r f\u00f6r att g\u00e5 till artikeln i \u00d6stra Sm\u00e5land, 2016-11-02\" href=\"http:\/\/www.ostrasmaland.se\/kalmar\/svensk-prast-atalas-i-samband-med-stoldturne\/\" target=\"_blank\" rel=\"attachment wp-att-19167\"><img loading=\"lazy\" class=\"aligncenter size-full wp-image-19167\" src=\"https:\/\/hotpot.se\/politik\/wp-content\/uploads\/2016\/11\/eu-migranter_stold_haleri_prast.jpg\" alt=\"Klicka h\u00e4r f\u00f6r att g\u00e5 till artikeln i \u00d6stra Sm\u00e5land, 2016-11-02\" width=\"529\" height=\"101\" srcset=\"https:\/\/hotpot.se\/politik\/wp-content\/uploads\/2016\/11\/eu-migranter_stold_haleri_prast.jpg 529w, https:\/\/hotpot.se\/politik\/wp-content\/uploads\/2016\/11\/eu-migranter_stold_haleri_prast-300x57.jpg 300w\" sizes=\"(max-width: 529px) 100vw, 529px\" \/><\/a><\/p>\n<p><span style=\"color: #993366;\">Barometern skriver:<\/span><\/p>\n<p>En pr\u00e4st stod p\u00e5 onsdagen inf\u00f6r r\u00e4tta vid Kalmar tingsr\u00e4tt misst\u00e4nkt f\u00f6r h\u00e4leri. Sj\u00e4lv h\u00e4vdar pr\u00e4sten att han aldrig sett n\u00e5got st\u00f6ldgods i sitt f\u00f6rr\u00e5d.<\/p>\n<p>I september greps tv\u00e5 rum\u00e4nska medborgare, en man och en kvinna, vid Salvel\u00e4gret i Kalmar. De satt i en sk\u00e5pbil och hade en annan bil p\u00e5 sl\u00e4p. B\u00e5da fordonen var fyllda till bredden med st\u00f6ldgods. Bilen p\u00e5 sl\u00e4pet kopplades till en tredje person, en 24-\u00e5rig man fr\u00e5n Rum\u00e4nien. Samtliga stod p\u00e5 onsdagen inf\u00f6r r\u00e4tta vid Kalmar tingsr\u00e4tt.<\/p>\n<h3>EU-migranter bor hos pr\u00e4sten<\/h3>\n<p>Med\u00e5talad \u00e4r \u00e4ven en pr\u00e4st som misst\u00e4nks ha hj\u00e4lpt till att f\u00f6rvara delar av st\u00f6ldgodset i sitt f\u00f6rr\u00e5d i Nyk\u00f6pings kommun. Pr\u00e4sten \u00e4r en v\u00e4lk\u00e4nd profil i Nyk\u00f6ping och engagerar sig h\u00e5rt f\u00f6r EU-migranter. Han l\u00e5ter tiggarna bo hemma hos honom och hj\u00e4lper dem att skaffa arbete.<\/p>\n<p>Red&#8217;s kom:<br \/>\n<span style=\"color: #993366;\">Det h\u00e4r med att &#8221;<em>hj\u00e4lpa EU-migranternas skaffa arbete<\/em>&#8221; har aldrig visat sig fungera. Men det r\u00e4cker med att h\u00e4vda n\u00e5got s\u00e5dant f\u00f6r att media ska skriva om detta utan att ifr\u00e5gas\u00e4tta n\u00e5got.<\/span><\/p>\n<h3>EU-migrant p\u00e5st\u00e5r han k\u00f6pte delar av st\u00f6ldgodset vid en container<\/h3>\n<p>24-\u00e5ringen medger att han stulit ett f\u00e5tal av sakerna i bilen, men menar att han k\u00f6pt eller f\u00e5tt resten.<br \/>\n\u2013 Jag k\u00f6pte sakerna vid Ica Maxi i Kalmar vid en container av n\u00e5gra personer. De sa att de hittat sakerna. Jag lade sakerna i f\u00f6rr\u00e5det, sade 24-\u00e5ringen.<\/p>\n<h3>EU-migranten \u00e4ndrade sig om att pr\u00e4sten k\u00e4nde till st\u00f6ldgodset<\/h3>\n<p>I polisf\u00f6rh\u00f6r har mannen sagt att pr\u00e4sten k\u00e4nt till att st\u00f6ldgodset fanns i f\u00f6rr\u00e5det. Men under r\u00e4tteg\u00e5ngen hade han \u00e4ndrat sig.<br \/>\n\u2013 Jag vet inte ifall han har sett sakerna i f\u00f6rr\u00e5det. Han var aldrig d\u00e4r tillsammans med mig och jag har inte visat honom.<\/p>\n<h3>Pr\u00e4sten p\u00e5st\u00e5r sig inte k\u00e4nna till st\u00f6ldgodset<\/h3>\n<p>Pr\u00e4sten ber\u00e4ttade via videol\u00e4nk att han hj\u00e4lpt till att knuffa upp bilen med st\u00f6ldgodset p\u00e5 sl\u00e4pet, helt ovetande om inneh\u00e5llet i bilen. D\u00e4remot f\u00f6rnekade han att han sett n\u00e5got st\u00f6ldgods i f\u00f6rr\u00e5det.<br \/>\n\u2013 Nej, jag har inte sett n\u00e5got i f\u00f6rr\u00e5det. <strong>Det kommer hem m\u00e4nniskor till mig med mycket saker som de k\u00f6pt eller f\u00e5tt. Jag har inget minne om att jag fr\u00e5gat om hans saker, sade pr\u00e4sten.<\/strong><\/p>\n<p>Red&#8217;s kom:<br \/>\n<span style=\"color: #993366;\">Det kommer ett antal medell\u00f6sa EU-migranter med en massa dyra saker och det finns ingen anledning att tro att annat \u00e4n att dessa saker \u00e4r g\u00e5vor eller har k\u00f6pts f\u00f6r pengar de p\u00e5st\u00e5s inte ha?<\/span><\/p>\n<h3>Pr\u00e4sten gav polisen felaktiga uppgifter<\/h3>\n<p>Pr\u00e4sten hade tidigare meddelat polisen att f\u00f6rr\u00e5det inte var hans, utan en grannes. Dessutom dr\u00f6jde det innan han skickade en lista till polisen med aktuella arbetsadresser f\u00f6r EU-migranterna.<\/p>\n<p>\u2013 N\u00e4r jag fick veta om st\u00f6ldgodset blev jag oerh\u00f6rt tagen. Jag levde i en sorts f\u00f6rvirring i flera dagar. Jag r\u00f6rde till det i f\u00f6rh\u00f6ret, jag borde ha sagt att jag hade grannen med mig till f\u00f6rr\u00e5det, inte att det var grannens bod. Polisen sa att jag skulle g\u00f6ra en lista, men jag gl\u00f6mde bort det.<\/p>\n<p>\u00c5klagare Kjell Jannesson <strong>yrkar p\u00e5 f\u00e4ngelse och d\u00e4refter utvisning ur Sverige f\u00f6r de rum\u00e4nska medborgarna. F\u00f6r pr\u00e4sten yrkar han p\u00e5 villkorlig dom med b\u00f6ter och samh\u00e4llstj\u00e4nst.<\/strong> Dom i m\u00e5let faller senare.<a title=\"Klicka h\u00e4r f\u00f6r att g\u00e5 till artikeln i Barometern, 2016-11-02\" href=\"http:\/\/www.barometern.se\/kalmar\/prast-fornekade-haleri-sag-aldrig-stoldgods\/\" target=\"_blank\" rel=\"attachment wp-att-19166\"><img loading=\"lazy\" class=\"aligncenter size-full wp-image-19166\" src=\"https:\/\/hotpot.se\/politik\/wp-content\/uploads\/2016\/11\/eu-migranter_prast_haleri.jpg\" alt=\"Klicka h\u00e4r f\u00f6r att g\u00e5 till artikeln i Barometern, 2016-11-02\" width=\"510\" height=\"350\" srcset=\"https:\/\/hotpot.se\/politik\/wp-content\/uploads\/2016\/11\/eu-migranter_prast_haleri.jpg 510w, https:\/\/hotpot.se\/politik\/wp-content\/uploads\/2016\/11\/eu-migranter_prast_haleri-300x206.jpg 300w\" sizes=\"(max-width: 510px) 100vw, 510px\" \/><\/a><br \/>\nSe \u00e4ven bl a;<br \/>\n<a title=\"Reportage om tiggare i Rum\u00e4nien som \u00e5ker till Sverige f\u00f6r att beg\u00e5 brott (2015-11-30)\" href=\"https:\/\/hotpot.se\/politik\/reportage-om-tiggare-i-rumanien-som-aker-till-sverige-for-att-bega-brott\/\" target=\"_blank\">Reportage om tiggare i Rum\u00e4nien som \u00e5ker till Sverige f\u00f6r att beg\u00e5 brott<\/a><\/p>\n<p><a title=\"EU-migranter i stulen bil stal pantburkar (2016-01-11)\" href=\"https:\/\/hotpot.se\/politik\/eu-migranter-i-stulen-bil-stal-pantburkar\/\" target=\"_blank\">EU-migranter i stulen bil stal pantburkar<\/a><\/p>\n<hr \/>\n<p><span style=\"color: #008000;\">F\u00f6r \u00f6vriga sidor om EU-migranter se <a style=\"color: #008000;\" title=\"Allt om EU-migranter. Klicka h\u00e4r f\u00f6r att lista alla sidor om tiggare, eu-migranter, romer, etc\" href=\"https:\/\/hotpot.se\/politik\/hotpot_politik_titlar.htm\" target=\"_blank\">inneh\u00e5llsregistret<\/a> (<a title=\"EU-migranter\" href=\"https:\/\/hotpot.se\/politik\/index\/#EU-migranter\" target=\"_blank\">tidigare register<\/a>) eller anv\u00e4nd s\u00f6kfunktionen h\u00e4r.<\/span><br \/>\n<style>.fb_iframe_widget span{width:460px !important;} .fb_iframe_widget iframe {margin: 0 !important;}        .fb_edge_comment_widget { display: none !important; }<\/style><div style=\"width:100%; text-align:left\"><div class=\"fb-like\" style=\"width:65px; overflow: hidden !important; \" data-href=\"https:\/\/hotpot.se\/politik\/kand-prast-atalad-for-haleri-i-samband-med-eu-migranters-stoldturne\/\" data-size=\"small\" data-colorscheme=\"dark\" data-width=\"65\" data-layout=\"box_count\" data-action=\"like\" data-show-faces=\"true\" data-share=\"true\" kid_directed_site=\"false\"><\/div><\/div><\/p>\n","protected":false},"excerpt":{"rendered":"<p>En svensk pr\u00e4st och tre rum\u00e4nska medborgare \u00e5talas vid Kalmar tingsr\u00e4tt f\u00f6r h\u00e4leri och st\u00f6lder. Red&#8217;s kom: Med &#8221;tre rum\u00e4nska medborgare&#8221; \u00e5syftas allts\u00e5 EU-migranter som bl a bott i det med kommunala medel finansierade tiggarl\u00e4gret Salve, utanf\u00f6r Kalmar. Pr\u00e4sten \u00e4r fr\u00e5n mellersta Sverige och har jobbat som hj\u00e4lparbetare bland romer. Han \u00e5talas f\u00f6r h\u00e4leri. Red&#8217;s &hellip; <a href=\"https:\/\/hotpot.se\/politik\/kand-prast-atalad-for-haleri-i-samband-med-eu-migranters-stoldturne\/\" class=\"more-link\">Forts\u00e4tt l\u00e4sa <span class=\"screen-reader-text\">K\u00e4nd pr\u00e4st \u00e5talad f\u00f6r h\u00e4leri i samband med EU-migranters st\u00f6ldturn\u00e9<\/span><\/a><\/p>\n","protected":false},"author":2,"featured_media":0,"comment_status":"open","ping_status":"open","sticky":false,"template":"","format":"standard","meta":[],"categories":[172,67],"tags":[794,1060,1276,1350,576,907,1039,198,493,443,896,122],"_links":{"self":[{"href":"https:\/\/hotpot.se\/politik\/wp-json\/wp\/v2\/posts\/19165"}],"collection":[{"href":"https:\/\/hotpot.se\/politik\/wp-json\/wp\/v2\/posts"}],"about":[{"href":"https:\/\/hotpot.se\/politik\/wp-json\/wp\/v2\/types\/post"}],"author":[{"embeddable":true,"href":"https:\/\/hotpot.se\/politik\/wp-json\/wp\/v2\/users\/2"}],"replies":[{"embeddable":true,"href":"https:\/\/hotpot.se\/politik\/wp-json\/wp\/v2\/comments?post=19165"}],"version-history":[{"count":3,"href":"https:\/\/hotpot.se\/politik\/wp-json\/wp\/v2\/posts\/19165\/revisions"}],"predecessor-version":[{"id":25077,"href":"https:\/\/hotpot.se\/politik\/wp-json\/wp\/v2\/posts\/19165\/revisions\/25077"}],"wp:attachment":[{"href":"https:\/\/hotpot.se\/politik\/wp-json\/wp\/v2\/media?parent=19165"}],"wp:term":[{"taxonomy":"category","embeddable":true,"href":"https:\/\/hotpot.se\/politik\/wp-json\/wp\/v2\/categories?post=19165"},{"taxonomy":"post_tag","embeddable":true,"href":"https:\/\/hotpot.se\/politik\/wp-json\/wp\/v2\/tags?post=19165"}],"curies":[{"name":"wp","href":"https:\/\/api.w.org\/{rel}","templated":true}]}}