{"id":16185,"date":"2016-02-23T23:16:46","date_gmt":"2016-02-23T21:16:46","guid":{"rendered":"http:\/\/hotpot.se\/politik\/?p=16185"},"modified":"2016-10-02T15:11:04","modified_gmt":"2016-10-02T13:11:04","slug":"eu-migranter-avhysta-fran-vedskjuljordkallare-av-polis-i-vastervik","status":"publish","type":"post","link":"https:\/\/hotpot.se\/politik\/eu-migranter-avhysta-fran-vedskjuljordkallare-av-polis-i-vastervik\/","title":{"rendered":"EU-migranter avhysta fr\u00e5n vedskjul\/jordk\u00e4llare av polis i V\u00e4stervik"},"content":{"rendered":"<p>Ett vite var inte tillr\u00e4ckligt. Under m\u00e5ndagen valde polisen att agera mot det olagliga <span style=\"color: #993366;\">EU-<\/span>migrantl\u00e4gret s\u00f6der om \u00d6verum, V\u00e4sterviks kommun.<br \/>\n\u2013 Vi har genomf\u00f6rt en avhysning, s\u00e4ger Gunnar Ege vid V\u00e4stervikspolisen.<\/p>\n<p>Ett vedskjul och en jordk\u00e4llare utanf\u00f6r \u00d6verum har olagligt utnyttjats som l\u00e4gerplats av eu-migranter.<\/p>\n<p><span style=\"color: #993366;\">Se:<\/span> <a title=\"EU-migranter bosatt sig p\u00e5 fastighet i V\u00e4stervik sedan \u00bd \u00e5r (2016-02-18)\" href=\"https:\/\/hotpot.se\/politik\/eu-migranter-bosatt-sig-pa-fastighet-i-vastervik-sedan-%c2%bd-ar\/\" target=\"_blank\">EU-migranter bosatt sig p\u00e5 fastighet i V\u00e4stervik sedan \u00bd \u00e5r<\/a><\/p>\n<h3>Nedskr\u00e4pning har successivt f\u00f6rv\u00e4rrats sedan september 2015<\/h3>\n<p>De f\u00f6rsta klagom\u00e5len inkom till milj\u00f6- och byggnadsn\u00e4mnden i september och f\u00f6r varje g\u00e5ng kommunen har gjort syn p\u00e5 plats har nedskr\u00e4pningen i omr\u00e5det f\u00f6rv\u00e4rrats.<\/p>\n<p>N\u00e4r kommunen gjorde syn p\u00e5 plats f\u00f6r drygt en vecka sedan fanns det m\u00e4ngder med skr\u00e4p runt byggnaden. I vedskjulen fanns en tunna f\u00f6r eldning och en provisorisk r\u00f6kkanal ut genom byggnadens fasad f\u00f6r att avleda r\u00f6ken.<\/p>\n<p>N\u00e4r polisen gjorde slag i saken och \u00e5kte till platsen under m\u00e5ndagen uppt\u00e4ckte de \u00e4nnu fler ol\u00e4genheter.<br \/>\n\u2013 Det var avf\u00f6ring och toalettpapper \u00f6verallt och de hade bott p\u00e5 ett v\u00e4ldigt ol\u00e4mpligt s\u00e4tt, s\u00e4ger Gunnar Ege vid V\u00e4stervikspolisen.<\/p>\n<h3>EU-migranter avhystes av polisen<\/h3>\n<p>\u2013 Vi har genomf\u00f6rt en avhysning. Det s\u00e5g inte alls bra ut, s\u00e4ger Gunnar Ege.<\/p>\n<h3>Polisen agerade innan vitestiden gick ut<\/h3>\n<p>Milj\u00f6- och byggnadsn\u00e4mnden beslutade att f\u00f6rel\u00e4gga fastighets\u00e4garen med ett vite om boendet i de tv\u00e5 byggnaderna inte upph\u00f6rde senast inom 14 dagar. Men polisen gjorde bed\u00f6mningen att de var tvungna att agera direkt.<\/p>\n<h3>Fastighets\u00e4garen slutade svara i telefon i oktober 2015<\/h3>\n<p>Fastighets\u00e4garen har kontaktats men i oktober slutade han att svara i telefonen.<br \/>\n\u2013 \u00c4r det en komplementbyggnad m\u00e5ste man s\u00f6ka bygglov f\u00f6r att f\u00e5 anv\u00e4nda den som bostad, sa Ola Karlsson, milj\u00f6- och byggnadschef, p\u00e5 n\u00e4mndens senaste presskonferens.<a title=\"Klicka h\u00e4r f\u00f6r att g\u00e5 till artikeln i Vimmerby tidning, 2016-02-23\" href=\"http:\/\/www.vimmerbytidning.se\/article\/articleview\/71257\/1\/72\" target=\"_blank\" rel=\"attachment wp-att-16186\"><img loading=\"lazy\" class=\"aligncenter size-full wp-image-16186\" src=\"https:\/\/hotpot.se\/politik\/wp-content\/uploads\/2016\/02\/eu-migranter_vastervik_avhysning_av_polis.jpg\" alt=\"Klicka h\u00e4r f\u00f6r att g\u00e5 till artikeln i Vimmerby tidning, 2016-02-23\" width=\"255\" height=\"164\" \/><\/a><br \/>\nSe \u00e4ven bl a;<br \/>\n<a title=\"\u00c4nnu en rastplats st\u00e4ngs ner pga EU-migranters h\u00e4rjningar (2015-09-02)\" href=\"https:\/\/hotpot.se\/politik\/annu-en-rastplats-stangs-ner-pga-eu-migranters-harjningar\/\" target=\"_blank\">\u00c4nnu en rastplats st\u00e4ngs ner pga EU-migranters h\u00e4rjningar<\/a><\/p>\n<hr \/>\n<p><a title=\"Aggressiva EU-tiggare ofredar butikskunder (2015-10-09)\" href=\"https:\/\/hotpot.se\/politik\/aggressiva-eu-tiggare-ofredar-butikskunder\/\" target=\"_blank\">Aggressiva EU-tiggare ofredar butikskunder<\/a><\/p>\n<hr \/>\n<p><strong>POLISEN AGERAR!<\/strong><\/p>\n<p><a title=\"Sex EU-migranter gripna av polis f\u00f6r olaglig camping \/ brott mot ordningslagen (2015-11-18)\" href=\"https:\/\/hotpot.se\/politik\/sex-eu-migranter-gripna-av-polis-for-olaglig-camping-brott-mot-ordningslagen\/\" target=\"_blank\">Sex EU-migranter gripna av polis f\u00f6r olaglig camping \/ brott mot ordningslagen<\/a><\/p>\n<hr \/>\n<p><strong>POLISEN AGERAR INTE!<\/strong><\/p>\n<p><a title=\"Polisen i Link\u00f6ping v\u00e4grar tvinga EU-migranter att flytta (2016-02-23)\" href=\"https:\/\/hotpot.se\/politik\/polisen-i-linkoping-vagrar-tvinga-eu-migranter-att-flytta\/\" target=\"_blank\">Polisen i Link\u00f6ping v\u00e4grar tvinga EU-migranter att flytta<\/a><\/p>\n<hr \/>\n<p><strong>MALM\u00d6<\/strong><\/p>\n<p><a title=\"Avhysning av tiggare fr\u00e5n Pildammsparken i Malm\u00f6 (2015-03-04)\" href=\"https:\/\/hotpot.se\/politik\/avhysning-av-tiggare-fran-pildamsparken-i-malmo\/\" target=\"_blank\">Avhysning av tiggare fr\u00e5n Pildammsparken i Malm\u00f6<\/a><\/p>\n<p><a title=\"Mark\u00e4gare f\u00f6r EU-migranters l\u00e4ger p\u00e5 Industrigatan hotas med vite (2015-03-07)\" href=\"https:\/\/hotpot.se\/politik\/markagare-for-eu-migranters-lager-pa-industrigatan-hotas-med-vite\/\" target=\"_blank\">Mark\u00e4gare f\u00f6r EU-migranters l\u00e4ger p\u00e5 Industrigatan hotas med vite<\/a><\/p>\n<p><a title=\"Polisanm\u00e4lan olaga intr\u00e5ng \/ egenm\u00e4ktigt f\u00f6rfarande av EU-migranter i Malm\u00f6, k\u00e5kstaden (2015-05-26)\" href=\"https:\/\/hotpot.se\/politik\/polisanmalan-olaga-intrang-egenmaktigt-forfarande-av-eu-migranter-i-malmo-kakstaden\/\" target=\"_blank\">Polisanm\u00e4lan olaga intr\u00e5ng \/ egenm\u00e4ktigt f\u00f6rfarande av EU-migranter i Malm\u00f6, k\u00e5kstaden<\/a><\/p>\n<p><a title=\"L\u00e4nsstyrelsen fastst\u00e4ller fastighets\u00e4garens skyldighet att st\u00e4da upp efter EU-migranter i Malm\u00f6s k\u00e5kstad (2015-07-03)\" href=\"https:\/\/hotpot.se\/politik\/lansstyrelsen-faststaller-fastighetsagarens-skyldighet-att-stada-upp-efter-eu-migranter-i-malmos-kakstad\/\" target=\"_blank\">L\u00e4nsstyrelsen fastst\u00e4ller fastighets\u00e4garens skyldighet att st\u00e4da upp efter EU-migranter i Malm\u00f6s k\u00e5kstad<\/a><\/p>\n<p><a title=\"Rivning av EU-migranternas k\u00e5kstad i Malm\u00f6 kostar 2 miljoner kr (2015-10-27)\" href=\"https:\/\/hotpot.se\/politik\/rivning-av-eu-migranternas-kakstad-i-malmo-kostar-2-miljoner-kr\/\" target=\"_blank\">Rivning av EU-migranternas k\u00e5kstad i Malm\u00f6 kostar 2 miljoner kr<\/a><\/p>\n<p><a title=\"EU-migranter forts\u00e4tter bryta mot lagen och bygga upp nya l\u00e4ger i Malm\u00f6 (2015-11-14)\" href=\"https:\/\/hotpot.se\/politik\/eu-migranter-fortsatter-bryta-mot-lagen-och-bygga-upp-nya-lager-i-malmo\/\" target=\"_blank\">EU-migranter forts\u00e4tter bryta mot lagen och bygga upp nya l\u00e4ger i Malm\u00f6<\/a><\/p>\n<p><a title=\"EU-migranter f\u00f6rs\u00f6kte bygga upp ny bos\u00e4ttning i Malm\u00f6, avhystes direkt (2015-11-16)\" href=\"https:\/\/hotpot.se\/politik\/eu-migranter-forsokte-bygga-upp-ny-bosattning-i-malmo-avhystes-direkt\/\" target=\"_blank\">EU-migranter f\u00f6rs\u00f6kte bygga upp ny bos\u00e4ttning i Malm\u00f6, <strong>avhystes direkt av polisen<\/strong><\/a><\/p>\n<hr \/>\n<p><strong><span style=\"color: #000000;\">AVHYSNINGAR FR\u00c5N P-PLATSER\/RASTPLATSER<\/span><\/strong><\/p>\n<p><a title=\"Polis avhyser ett hundratal EU-migranter fr\u00e5n p-plats i Kista (2015-04-09)\" href=\"https:\/\/hotpot.se\/politik\/polis-avhyser-ett-hundratal-eu-migranter-fran-p-plats-i-kista\/\" target=\"_blank\">Polis avhyser ett hundratal EU-migranter fr\u00e5n p-plats i Kista<\/a><\/p>\n<p><a title=\"Ett hundratal EU-migranter avhystes fr\u00e5n rastplats av polis (2015-04-12)\" href=\"https:\/\/hotpot.se\/politik\/ett-hundratal-eu-migranter-avhystes-fran-rastplats-av-polis\/\" target=\"_blank\">Ett hundratal EU-migranter <strong>avhystes fr\u00e5n rastplats av polis<\/strong><\/a><\/p>\n<p><a title=\"EU-migranter avhyses fr\u00e5n p-plats i Uppsala \u2013 Stadsmissionen uppr\u00f6rda (2015-10-03)\" href=\"https:\/\/hotpot.se\/politik\/eu-migranter-avhyses-fran-p-plats-i-uppsala-stadsmissionen-upprorda\/\" target=\"_blank\">EU-migranter avhyses fr\u00e5n p-plats i Uppsala \u2013 Stadsmissionen uppr\u00f6rda<\/a><\/p>\n<hr \/>\n<p><strong>AVHYSNINGAR, STATISTIK<\/strong><\/p>\n<p><a title=\"EU-migranter som ockuperat mark: 102 anm\u00e4lningar till Kronofogden 2015, 32 avhysningar (2015-09-07)\" href=\"https:\/\/hotpot.se\/politik\/eu-migranter-som-ockuperat-mark-102-anmalningar-till-kronofogden-2015-32-avhysningar\/\" target=\"_blank\">EU-migranter som ockuperat mark: 102 anm\u00e4lningar till Kronofogden 2015, 32 avhysningar<\/a><\/p>\n<p><a title=\"619 avhysta EU-migranter i Stockholm, 2 i Malm\u00f6 \u2013 Hovm\u00f6ller l\u00e4r EU-migranter smita fr\u00e5n polisen (2015-11-09)\" href=\"https:\/\/hotpot.se\/politik\/619-avhysta-eu-migranter-i-stockholm-2-i-malmo-hovmoller-lar-eu-migranter-smita-fran-polisen\/\" target=\"_blank\">619 avhysta EU-migranter i Stockholm, 2 i Malm\u00f6 \u2013 Hovm\u00f6ller l\u00e4r EU-migranter smita fr\u00e5n polisen<\/a><\/p>\n<hr \/>\n<p><strong>VAD TYCKER POLITIKER?<\/strong><\/p>\n<p><a title=\"Moderaterna f\u00f6resl\u00e5r att vakter avhyser EU-migranter (2015-02-24)\" href=\"https:\/\/hotpot.se\/politik\/moderaterna-foreslar-att-vakter-avhyser-eu-migranter\/\" target=\"_blank\">Moderaterna f\u00f6resl\u00e5r att vakter avhyser EU-migranter<\/a><\/p>\n<p><a title=\"Ut\u00f6kade befogenheter f\u00f6r polisen vid avhysning, motion fr\u00e5n Moderaterna (2015-03-26)\" href=\"https:\/\/hotpot.se\/politik\/utokade-befogenheter-for-polisen-vid-avhysning-motion-fran-moderaterna\/\" target=\"_blank\">Ut\u00f6kade befogenheter f\u00f6r polisen vid avhysning, motion fr\u00e5n Moderaterna<\/a><\/p>\n<p><a title=\"\u00d6versyn av ordningslagen f\u00f6r penninginsamling och avhysning, Beatrice Ask &amp; Tomas Tob\u00e9 (M) (2015-04-30)\" href=\"https:\/\/hotpot.se\/politik\/oversyn-av-ordningslagen-for-penninginsamling-och-avhysning-beatrice-ask-tomas-tobe-m\/\" target=\"_blank\">\u00d6versyn av ordningslagen f\u00f6r penninginsamling och avhysning, Beatrice Ask &amp; Tomas Tob\u00e9 (M)<\/a><\/p>\n<p><a title=\"KDU efterlyser starkare \u00e5tg\u00e4rder mot EU-migranternas olagliga bos\u00e4ttningar (2015-03-26)\" href=\"https:\/\/hotpot.se\/politik\/kdu-efterlyser-starkare-atgarder-mot-eu-migranternas-olagliga-bosattningar\/\" target=\"_blank\">KDU efterlyser starkare \u00e5tg\u00e4rder mot EU-migranternas olagliga bos\u00e4ttningar<\/a><\/p>\n<p><a title=\"Centerpartist vill att vildcampare ska kunna avhysas (2015-05-29)\" href=\"https:\/\/hotpot.se\/politik\/centerpartist-vill-att-vildcampare-ska-kunna-avhysas\/\" target=\"_blank\">Centerpartist vill att vildcampare ska kunna avhysas<\/a><\/p>\n<p><a title=\"Avhysning av EU-migranter \u2013 Stefan L\u00f6fv\u00e9n uttalar sig, sensationellt (2015-05-30)\" href=\"https:\/\/hotpot.se\/politik\/avhysning-av-eu-migranter-stefan-lofven-uttalar-sig-sensationellt\/\" target=\"_blank\">Avhysning av EU-migranter \u2013 Stefan L\u00f6fv\u00e9n uttalar sig, sensationellt<\/a><\/p>\n<p><a title=\"\u00c5sa Regn\u00e9r v\u00e4grar svara p\u00e5 hur l\u00e4nge EU-migranter ska till\u00e5tas ockupera Sverige (2015-09-26)\" href=\"https:\/\/hotpot.se\/politik\/asa-regner-vagrar-svara-pa-hur-lange-eu-migranter-ska-tillatas-ockupera-sverige\/\" target=\"_blank\">\u00c5sa Regn\u00e9r v\u00e4grar svara p\u00e5 hur l\u00e4nge EU-migranter ska till\u00e5tas ockupera Sverige<\/a><\/p>\n<p><a title=\"Inrikesministern rasar \u00f6ver Malm\u00f6polisens feghet att ingripa mot EU-migranters brottslighet (2015-09-27)\" href=\"https:\/\/hotpot.se\/politik\/inrikesministern-rasar-over-malmopolisens-feghet-att-ingripa-mot-eu-migranters-brottslighet\/\" target=\"_blank\">Inrikesministern rasar \u00f6ver Malm\u00f6polisens feghet att ingripa mot EU-migranters brottslighet<\/a><\/p>\n<hr \/>\n<p><strong>UTREDNING OM AVHYSNING<\/strong><\/p>\n<p><a title=\"Regeringens utredningsdirektiv f\u00f6r avhysning av EU-migranter \u2013 Katastrofalt d\u00e5ligt! (2015-10-01)\" href=\"https:\/\/hotpot.se\/politik\/regeringens-utredningsdirektiv-for-avhysning-av-eu-migranter-katastrofalt-daligt\/\" target=\"_blank\">Regeringens utredningsdirektiv f\u00f6r avhysning av EU-migranter \u2013 Katastrofalt d\u00e5ligt!<\/a><\/p>\n<hr \/>\n<p><strong>NOLLTOLERANS MOT EU-MIGRANTERS BOS\u00c4TTNINGAR<\/strong><\/p>\n<p><a title=\"Nationella samordnaren kr\u00e4ver nolltolerans mot EU-migranters l\u00e4ger (2015-11-02)\" href=\"https:\/\/hotpot.se\/politik\/nationella-samordnaren-kraver-nolltolerans-mot-eu-migranters-lager\/\" target=\"_blank\">Nationella samordnaren kr\u00e4ver nolltolerans mot EU-migranters l\u00e4ger<\/a><\/p>\n<hr \/>\n<p><strong>PROBLEM MED EU-MIGRANTERS BOS\u00c4TTNINGAR M\u00c5STE L\u00d6SAS<\/strong><\/p>\n<p><a title=\"Fattigdomsinvandring och medf\u00f6ljande milj\u00f6problem i Malm\u00f6 (2015-02-19)\" href=\"https:\/\/hotpot.se\/politik\/fattigdomsinvandring-och-medfoljande-miljoproblem-i-malmo\/\" target=\"_blank\">Fattigdomsinvandring och medf\u00f6ljande milj\u00f6problem i Malm\u00f6<\/a><\/p>\n<p><a title=\"Oh\u00e5llbart med tiggarl\u00e4ger (2015-03-24)\" href=\"https:\/\/hotpot.se\/politik\/ohallbart-med-tiggarlager\/\" target=\"_blank\">Oh\u00e5llbart med tiggarl\u00e4ger<\/a><\/p>\n<p><a title=\"N\u00e5got m\u00e5ste g\u00f6ras \u00e5t tiggeriet i Sverige och den urholkade \u00e4gander\u00e4tten (2015-05-01)\" href=\"https:\/\/hotpot.se\/politik\/nagot-maste-goras-at-tiggeriet-i-sverige-och-den-urholkade-aganderatten\/\" target=\"_blank\">N\u00e5got m\u00e5ste g\u00f6ras \u00e5t tiggeriet i Sverige och den urholkade \u00e4gander\u00e4tten<\/a><\/p>\n<p><a title=\"M\u00e5rten Schultz (SvD) menar att allemansr\u00e4tten ger tiggare r\u00e4tt att bos\u00e4tta sig var de vill (2015-05-24)\" href=\"https:\/\/hotpot.se\/politik\/marten-schultz-svd-menar-att-allemansratten-ger-tiggare-ratt-att-bosatta-sig-var-de-vill\/\" target=\"_blank\">M\u00e5rten Schultz (SvD) menar att allemansr\u00e4tten ger tiggare r\u00e4tt att bos\u00e4tta sig var de vill<\/a><\/p>\n<p><a title=\"V\u00e4rna om \u00e4gander\u00e4tten \u2013 Inga fler favelor med EU-migranter i Sverige! (2015-10-05)\" href=\"https:\/\/hotpot.se\/politik\/varna-om-aganderatten-inga-fler-favelor-med-eu-migranter-i-sverige\/\" target=\"_blank\">V\u00e4rna om \u00e4gander\u00e4tten \u2013 Inga fler favelor med EU-migranter i Sverige!<\/a><\/p>\n<p><a title=\"Ansvarsbefriade EU-migranter i G\u00e4vle l\u00e4mnar stora m\u00e4ngder milj\u00f6farligt avfall efter sig (2015-10-28)\" href=\"https:\/\/hotpot.se\/politik\/ansvarsbefriade-eu-migranter-i-gavle-lamnar-stora-mangder-miljofarligt-avfall-efter-sig\/\" target=\"_blank\">Ansvarsbefriade EU-migranter i G\u00e4vle l\u00e4mnar stora m\u00e4ngder milj\u00f6farligt avfall efter sig<\/a><\/p>\n<p><a title=\"Uppsala: Samh\u00e4llet m\u00e5ste b\u00f6rja st\u00e4lla krav p\u00e5 EU-migranter (2016-01-30)\" href=\"https:\/\/hotpot.se\/politik\/uppsala-samhallet-maste-borja-stalla-krav-pa-eu-migranter\/\" target=\"_blank\">Uppsala: Samh\u00e4llet m\u00e5ste b\u00f6rja st\u00e4lla krav p\u00e5 EU-migranter<\/a><\/p>\n<hr \/>\n<p><strong>EU-MIGRANTERS SKR\u00c4P OCH SOPOR<\/strong><\/p>\n<p><a title=\"Tiggare avhyses, st\u00e4dnota p\u00e5 50.000 kr (2015-02-01)\" href=\"https:\/\/hotpot.se\/politik\/tiggare-avhyses-stadnota-pa-50-000-kr\/\" target=\"_blank\">Tiggare avhyses, st\u00e4dnota p\u00e5 50.000 kr<\/a><\/p>\n<p><a title=\"EU-migranter omvandlade privat mark till en soptipp i Enk\u00f6ping (2015-07-30)\" href=\"https:\/\/hotpot.se\/politik\/eu-migranter-omvandlade-privat-mark-till-en-soptipp\/\" target=\"_blank\">EU-migranter omvandlade privat mark till en soptipp<\/a><\/p>\n<hr \/>\n<p><strong>BOS\u00c4TTNINGAR P\u00c5 PRIVAT MARK<\/strong><\/p>\n<p><a title=\"Skjul f\u00f6r EU-migranter p\u00e5 privat tomt i Landskrona ska rivas \u2013 handr\u00e4ckning beviljad (2015-03-28)\" href=\"https:\/\/hotpot.se\/politik\/skjul-for-eu-migranter-pa-privat-tomt-i-landskrona-ska-rivas-handrackning-beviljad\/\" target=\"_blank\">Skjul f\u00f6r EU-migranter p\u00e5 privat tomt i Landskrona ska rivas \u2013 handr\u00e4ckning beviljad<\/a><\/p>\n<p><a title=\"EU-migranter byggt upp k\u00e5kstad p\u00e5 privat mark i H\u00e4ssleholm (2016-01-17)\" href=\"https:\/\/hotpot.se\/politik\/eu-migranter-byggt-upp-kakstad-pa-privat-mark-i-hassleholm\/\" target=\"_blank\">EU-migranter byggt upp k\u00e5kstad p\u00e5 privat mark i H\u00e4ssleholm<\/a><\/p>\n<p><a title=\"Tog 8 m\u00e5nader att bli av med nedskr\u00e4pande EU-migranter fr\u00e5n privat mark (2016-02-23)\" href=\"https:\/\/hotpot.se\/politik\/tog-8-manader-att-bli-av-med-nedskrapande-eu-migranter-fran-privat-mark\/\" target=\"_blank\">Tog 8 m\u00e5nader att bli av med nedskr\u00e4pande EU-migranter fr\u00e5n privat mark<\/a><\/p>\n<hr \/>\n<p><strong>EU-MIGRANTER OCKUPERAR HUS<\/strong><\/p>\n<p><a title=\"EU-migranter ockuperar stuga \u2013 Polisen vill inte g\u00f6ra n\u00e5got (2015-03-30)\" href=\"https:\/\/hotpot.se\/politik\/eu-migranter-ockuperar-stuga-polisen-vill-inte-gora-nagot\/\" target=\"_blank\">EU-migranter ockuperar stuga \u2013 <strong>Polisen vill inte g\u00f6ra n\u00e5got<\/strong><\/a><\/p>\n<hr \/>\n<p><strong>AVHYSNINGAR AV EU-MIGRANTER<\/strong><\/p>\n<p><a title=\"EU-migranter avhyses i J\u00f6nk\u00f6ping (2015-03-09)\" href=\"https:\/\/hotpot.se\/politik\/eu-migranter-avhyses-i-jonkoping\/\" target=\"_blank\">EU-migranter avhyses i J\u00f6nk\u00f6ping<\/a><\/p>\n<p><a title=\"EU-migranter utanf\u00f6r M\u00e4rsta avhysta (2015-04-03)\" href=\"https:\/\/hotpot.se\/politik\/eu-migranter-utanfor-marsta-avhysta\/\" target=\"_blank\">EU-migranter utanf\u00f6r M\u00e4rsta avhysta<\/a><\/p>\n<p><a title=\"EU-migranter i tv\u00e5 l\u00e4ger utanf\u00f6r Smedjebacken kommer att avhysas (2015-10-03)\" href=\"https:\/\/hotpot.se\/politik\/eu-migranter-i-tva-lager-utanfor-smedjebacken-kommer-att-avhysas\/\" target=\"_blank\">EU-migranter i tv\u00e5 l\u00e4ger utanf\u00f6r Smedjebacken kommer att avhysas<\/a><\/p>\n<p><a title=\"Avhysningar av EU-migranters olagliga bos\u00e4ttningar kritiseras av Civil Rights Defenders (2015-12-10)\" href=\"https:\/\/hotpot.se\/politik\/avhysningar-av-eu-migranters-olagliga-bosattningar-kritiseras-av-civil-rights-defenders\/\" target=\"_blank\">Avhysningar av EU-migranters olagliga bos\u00e4ttningar kritiseras av Civil Rights Defenders<\/a><\/p>\n<hr \/>\n<p><a title=\"EU-migranter i Karlstad drabbar kommuninv\u00e5nare pga det offentligas handlingsf\u00f6rlamning (2015-07-20)\" href=\"https:\/\/hotpot.se\/politik\/eu-migranter-i-karlstad-drabbar-kommuninvanare-pga-det-offentligas-handlingsforlamning\/\" target=\"_blank\">EU-migranter i Karlstad drabbar kommuninv\u00e5nare pga det offentligas handlingsf\u00f6rlamning<\/a><\/p>\n<p><a title=\"G\u00f6teborgs illegala bos\u00e4ttningar kostade skattebetalarna minst 16 miljoner kr 2014 (2015-11-23)\" href=\"https:\/\/hotpot.se\/politik\/goteborgs-illegala-bosattningar-kostade-skattebetalarna-minst-16-miljoner-kr-2014\/\" target=\"_blank\">G\u00f6teborgs illegala bos\u00e4ttningar kostade skattebetalarna minst 16 miljoner kr 2014<\/a><\/p>\n<hr \/>\n<p><a title=\"\u00c4r Sverige l\u00f6sningen f\u00f6r alla romer? \u2013 Vad \u00e4r antiziganism?\" href=\"https:\/\/hotpot.se\/politik\/ar-sverige-losningen-for-alla-romer-vad-ar-antiziganism\/\" target=\"_blank\">\u00c4r Sverige l\u00f6sningen f\u00f6r alla romer? \u2013 Vad \u00e4r antiziganism?<\/a><\/p>\n<p><a title=\"Lista \u00f6ver svenska kommuner som f\u00f6rs\u00f6rjer EU-migranter och finansierar tiggeri (2016-01-27)\" href=\"https:\/\/hotpot.se\/politik\/lista-over-svenska-kommuner-som-forsorjer-eu-migranter-och-finansierar-tiggeri\/\" target=\"_blank\">Lista \u00f6ver svenska kommuner som f\u00f6rs\u00f6rjer EU-migranter och finansierar tiggeri<\/a><\/p>\n<hr \/>\n<p><a title=\"Klicka h\u00e4r f\u00f6r att g\u00e5 till information om tiggarna i Malm\u00f6 och hur situationen s\u00e5g ut f\u00f6r romerna d\u00e4r\" href=\"https:\/\/hotpot.se\/politik\/eu-migranter-bilder-du-inte-far-se-i-media\/\" target=\"_blank\">EU migranter \u2013 Bilder du inte f\u00e5r se i media<\/a><\/p>\n<p><span style=\"color: #008000;\">F\u00f6r \u00f6vriga sidor om EU-migranter se <a style=\"color: #008000;\" title=\"Allt om EU-migranter. Klicka h\u00e4r f\u00f6r att lista alla sidor om tiggare, eu-migranter, romer, etc\" href=\"https:\/\/hotpot.se\/politik\/index\/#EU-migranter\" target=\"_blank\">inneh\u00e5llsregistret<\/a> eller anv\u00e4nd s\u00f6kfunktionen.<\/span><br \/>\n<style>.fb_iframe_widget span{width:460px !important;} .fb_iframe_widget iframe {margin: 0 !important;}        .fb_edge_comment_widget { display: none !important; }<\/style><div style=\"width:100%; text-align:left\"><div class=\"fb-like\" style=\"width:65px; overflow: hidden !important; \" data-href=\"https:\/\/hotpot.se\/politik\/eu-migranter-avhysta-fran-vedskjuljordkallare-av-polis-i-vastervik\/\" data-size=\"small\" data-colorscheme=\"dark\" data-width=\"65\" data-layout=\"box_count\" data-action=\"like\" data-show-faces=\"true\" data-share=\"true\" kid_directed_site=\"false\"><\/div><\/div><\/p>\n","protected":false},"excerpt":{"rendered":"<p>Ett vite var inte tillr\u00e4ckligt. Under m\u00e5ndagen valde polisen att agera mot det olagliga EU-migrantl\u00e4gret s\u00f6der om \u00d6verum, V\u00e4sterviks kommun. \u2013 Vi har genomf\u00f6rt en avhysning, s\u00e4ger Gunnar Ege vid V\u00e4stervikspolisen. Ett vedskjul och en jordk\u00e4llare utanf\u00f6r \u00d6verum har olagligt utnyttjats som l\u00e4gerplats av eu-migranter. Se: EU-migranter bosatt sig p\u00e5 fastighet i V\u00e4stervik sedan \u00bd &hellip; <a href=\"https:\/\/hotpot.se\/politik\/eu-migranter-avhysta-fran-vedskjuljordkallare-av-polis-i-vastervik\/\" class=\"more-link\">Forts\u00e4tt l\u00e4sa <span class=\"screen-reader-text\">EU-migranter avhysta fr\u00e5n vedskjul\/jordk\u00e4llare av polis i V\u00e4stervik<\/span><\/a><\/p>\n","protected":false},"author":2,"featured_media":0,"comment_status":"open","ping_status":"open","sticky":false,"template":"","format":"standard","meta":[],"categories":[172,67],"tags":[479,461,1060,1245,198,443],"_links":{"self":[{"href":"https:\/\/hotpot.se\/politik\/wp-json\/wp\/v2\/posts\/16185"}],"collection":[{"href":"https:\/\/hotpot.se\/politik\/wp-json\/wp\/v2\/posts"}],"about":[{"href":"https:\/\/hotpot.se\/politik\/wp-json\/wp\/v2\/types\/post"}],"author":[{"embeddable":true,"href":"https:\/\/hotpot.se\/politik\/wp-json\/wp\/v2\/users\/2"}],"replies":[{"embeddable":true,"href":"https:\/\/hotpot.se\/politik\/wp-json\/wp\/v2\/comments?post=16185"}],"version-history":[{"count":1,"href":"https:\/\/hotpot.se\/politik\/wp-json\/wp\/v2\/posts\/16185\/revisions"}],"predecessor-version":[{"id":16190,"href":"https:\/\/hotpot.se\/politik\/wp-json\/wp\/v2\/posts\/16185\/revisions\/16190"}],"wp:attachment":[{"href":"https:\/\/hotpot.se\/politik\/wp-json\/wp\/v2\/media?parent=16185"}],"wp:term":[{"taxonomy":"category","embeddable":true,"href":"https:\/\/hotpot.se\/politik\/wp-json\/wp\/v2\/categories?post=16185"},{"taxonomy":"post_tag","embeddable":true,"href":"https:\/\/hotpot.se\/politik\/wp-json\/wp\/v2\/tags?post=16185"}],"curies":[{"name":"wp","href":"https:\/\/api.w.org\/{rel}","templated":true}]}}